{"id":494160,"date":"2017-08-16T11:27:35","date_gmt":"2017-08-16T16:27:35","guid":{"rendered":"https:\/\/www.futboltotal.com.mx\/?p=494160"},"modified":"2017-08-16T21:02:31","modified_gmt":"2017-08-17T02:02:31","slug":"en-vivo-leon-vs-veracruz-copa-mx","status":"publish","type":"post","link":"http:\/\/desarrollo.grupomedios.com\/futbol\/futbol-mexicano\/en-vivo-leon-vs-veracruz-copa-mx\/2017\/08","title":{"rendered":"AS\u00cd SE VIVI\u00d3 | Le\u00f3n 2-0 Veracruz | Copa Mx"},"content":{"rendered":"<p>Los <em>Esmeraldas<\/em> de <strong>Le\u00f3n<\/strong> reciben la visita de los <em>Tiburones Rojos<\/em> del <strong>Veracruz<\/strong> en la fecha 4 de la Copa Mx.<\/p>\n<div><iframe src=\"https:\/\/en-vivo.futboltotal.com.mx\/embed.php\/?id=218\" width=\"100%\" id=\"frame_minuto\"><\/iframe><\/div>\n<p>La escuadra del Baj\u00edo\u00a0ha ganado sus dos partidos de la copa y si consigue un tercer triunfo estar\u00eda pr\u00e1cticamente asegurando un lugar en la siguiente ronda.<\/p>\n<p>Los Tiburones son un equipo camale\u00f3nico, no tuvieron su mejor inicio, pero en la Liga han ligado para de triunfos y quieren extender ese buen momento para el torneo copero.<\/p>\n<p>&nbsp;<\/p>\n","protected":false},"excerpt":{"rendered":"<p>Los Esmeraldas podr\u00edan asegurar su pase a la siguiente fase con una victoria<\/p>\n","protected":false},"author":20,"featured_media":494163,"comment_status":"closed","ping_status":"closed","sticky":false,"template":"","format":"standard","meta":[],"categories":[4247,2198],"tags":[285,5965,6049],"_links":{"self":[{"href":"http:\/\/desarrollo.grupomedios.com\/futbol\/wp-json\/wp\/v2\/posts\/494160"}],"collection":[{"href":"http:\/\/desarrollo.grupomedios.com\/futbol\/wp-json\/wp\/v2\/posts"}],"about":[{"href":"http:\/\/desarrollo.grupomedios.com\/futbol\/wp-json\/wp\/v2\/types\/post"}],"author":[{"embeddable":true,"href":"http:\/\/desarrollo.grupomedios.com\/futbol\/wp-json\/wp\/v2\/users\/20"}],"replies":[{"embeddable":true,"href":"http:\/\/desarrollo.grupomedios.com\/futbol\/wp-json\/wp\/v2\/comments?post=494160"}],"version-history":[{"count":3,"href":"http:\/\/desarrollo.grupomedios.com\/futbol\/wp-json\/wp\/v2\/posts\/494160\/revisions"}],"predecessor-version":[{"id":494405,"href":"http:\/\/desarrollo.grupomedios.com\/futbol\/wp-json\/wp\/v2\/posts\/494160\/revisions\/494405"}],"wp:featuredmedia":[{"embeddable":true,"href":"http:\/\/desarrollo.grupomedios.com\/futbol\/wp-json\/wp\/v2\/media\/494163"}],"wp:attachment":[{"href":"http:\/\/desarrollo.grupomedios.com\/futbol\/wp-json\/wp\/v2\/media?parent=494160"}],"wp:term":[{"taxonomy":"category","embeddable":true,"href":"http:\/\/desarrollo.grupomedios.com\/futbol\/wp-json\/wp\/v2\/categories?post=494160"},{"taxonomy":"post_tag","embeddable":true,"href":"http:\/\/desarrollo.grupomedios.com\/futbol\/wp-json\/wp\/v2\/tags?post=494160"}],"curies":[{"name":"wp","href":"https:\/\/api.w.org\/{rel}","templated":true}]}}