{"id":494173,"date":"2017-08-15T21:03:41","date_gmt":"2017-08-16T02:03:41","guid":{"rendered":"https:\/\/www.futboltotal.com.mx\/?p=494173"},"modified":"2017-08-15T21:03:41","modified_gmt":"2017-08-16T02:03:41","slug":"cronica-resultado-queretaro-0-1-pachuca-copa-mx","status":"publish","type":"post","link":"http:\/\/desarrollo.grupomedios.com\/futbol\/destacado-home\/cronica-resultado-queretaro-0-1-pachuca-copa-mx\/2017\/08","title":{"rendered":"Pachuca vence a Gallos en tiempo de compensaci\u00f3n"},"content":{"rendered":"<p>Este martes se llev\u00f3 a cabo el encuentro entre<strong> Quer\u00e9taro<\/strong> y <strong>Pachuca<\/strong> por la <strong>Jornada 4<\/strong> del<strong> Grupo 8<\/strong> de la<strong> Copa MX<\/strong>, en la cancha de la <strong>Corregidora de Quer\u00e9taro<\/strong>, encuentro en el que <em>Gallos<\/em>\u00a0perdon\u00f3 y termin\u00f3 cayendo 1-0 con un golazo de Erick S\u00e1nchez.<\/p>\n<p style=\"text-align: center;\"><a href=\"https:\/\/www.futboltotal.com.mx\/2017\/08\/alan-pulido-reaparecio-en-verde-valle\/\" target=\"_blank\" rel=\"noopener noreferrer\"><span style=\"color: #333399;\">VER M\u00c1S:\u00a0Pulido reapareci\u00f3 en Verde Valle<\/span><\/a><\/p>\n<p>El primer tiempo estuvo bastante flojo, con unos <em>Tuzos<\/em> que propusieron poco al ataque, ya que solo lograron inquietar en una ocasi\u00f3n a <strong>Gil Alcal\u00e1<\/strong> tras un tiro de<strong> Puch.<\/strong> Mientras que<em> Gallos Blancos<\/em> pudo hacerse presente en el marcador en tres ocasiones, pero<strong> Alfonso Blanco<\/strong> fue factor para que el primer tiempo terminara con un empate parcial a 0-0, tras tres grandes atajadas.<\/p>\n<p style=\"text-align: center;\"><a href=\"https:\/\/www.futboltotal.com.mx\/2017\/08\/dembele-prepara-maletas-se-ira-a-barcelona\/\" target=\"_blank\" rel=\"noopener noreferrer\"><span style=\"color: #333399;\">VER M\u00c1S:\u00a0Dembel\u00e9 prepara maletas \u00bfSe ir\u00e1 a Barcelona?<\/span><\/a><\/p>\n<p>El segundo tiempo inicio bastante movido, con un <strong>Pachuca<\/strong> m\u00e1s propositivo y unos <em>Gallos<\/em> que buscaron a toda forma abrir el marcador; sin embargo, no tuvieron el tino para vencer a <strong>Alfonso Blanco,\u00a0<\/strong>quien tuvo una excelsa participaci\u00f3n y el premio para los <em>Tuzos<\/em> lleg\u00f3 al 93&#8242;, con un golazo de <strong>Eick S\u00e1nchez<\/strong>, que le dio los tres puntos al conjunto hidalguense.<\/p>\n<p>&nbsp;<\/p>\n<blockquote class=\"twitter-video\" data-lang=\"es\">\n<p dir=\"ltr\" lang=\"es\"><a href=\"https:\/\/twitter.com\/hashtag\/NoTeLoPierdas?src=hash\">#NoTeLoPierdas<\/a><br \/>\nG\u26bd\u26bd\u26bdL de Erick S\u00e1nchez<a href=\"https:\/\/twitter.com\/Club_Queretaro\">@Club_Queretaro<\/a> 0-1 <a href=\"https:\/\/twitter.com\/Tuzos\">@Tuzos<\/a> <a href=\"https:\/\/twitter.com\/hashtag\/Jornada4?src=hash\">#Jornada4<\/a> <a href=\"https:\/\/twitter.com\/hashtag\/CopaCoronaMX?src=hash\">#CopaCoronaMX<\/a> &#x1f3c6; <a href=\"https:\/\/twitter.com\/hashtag\/Apertura2017?src=hash\">#Apertura2017<\/a><br \/>\n\u26bd <a href=\"https:\/\/twitter.com\/hashtag\/SienteTuLiga?src=hash\">#SienteTuLiga<\/a> \u26bd <a href=\"https:\/\/t.co\/6kihpZtZQJ\">pic.twitter.com\/6kihpZtZQJ<\/a><\/p>\n<p>\u2014 #CopaCoronaMX (@CopaCoronaMx) <a href=\"https:\/\/twitter.com\/CopaCoronaMx\/status\/897639212513669121\">16 de agosto de 2017<\/a><\/p><\/blockquote>\n<p><script async src=\"\/\/platform.twitter.com\/widgets.js\" charset=\"utf-8\"><\/script><\/p>\n<p>&nbsp;<\/p>\n","protected":false},"excerpt":{"rendered":"<p>Alfonso Blanco fue la figura del encuentro al tapar todos los disparos de Gallos y S\u00e1nchez le dio la victoria<\/p>\n","protected":false},"author":20,"featured_media":494181,"comment_status":"closed","ping_status":"closed","sticky":false,"template":"","format":"standard","meta":[],"categories":[4247,5,2198],"tags":[285,9573,2578,5968,5970],"_links":{"self":[{"href":"http:\/\/desarrollo.grupomedios.com\/futbol\/wp-json\/wp\/v2\/posts\/494173"}],"collection":[{"href":"http:\/\/desarrollo.grupomedios.com\/futbol\/wp-json\/wp\/v2\/posts"}],"about":[{"href":"http:\/\/desarrollo.grupomedios.com\/futbol\/wp-json\/wp\/v2\/types\/post"}],"author":[{"embeddable":true,"href":"http:\/\/desarrollo.grupomedios.com\/futbol\/wp-json\/wp\/v2\/users\/20"}],"replies":[{"embeddable":true,"href":"http:\/\/desarrollo.grupomedios.com\/futbol\/wp-json\/wp\/v2\/comments?post=494173"}],"version-history":[{"count":6,"href":"http:\/\/desarrollo.grupomedios.com\/futbol\/wp-json\/wp\/v2\/posts\/494173\/revisions"}],"predecessor-version":[{"id":494187,"href":"http:\/\/desarrollo.grupomedios.com\/futbol\/wp-json\/wp\/v2\/posts\/494173\/revisions\/494187"}],"wp:featuredmedia":[{"embeddable":true,"href":"http:\/\/desarrollo.grupomedios.com\/futbol\/wp-json\/wp\/v2\/media\/494181"}],"wp:attachment":[{"href":"http:\/\/desarrollo.grupomedios.com\/futbol\/wp-json\/wp\/v2\/media?parent=494173"}],"wp:term":[{"taxonomy":"category","embeddable":true,"href":"http:\/\/desarrollo.grupomedios.com\/futbol\/wp-json\/wp\/v2\/categories?post=494173"},{"taxonomy":"post_tag","embeddable":true,"href":"http:\/\/desarrollo.grupomedios.com\/futbol\/wp-json\/wp\/v2\/tags?post=494173"}],"curies":[{"name":"wp","href":"https:\/\/api.w.org\/{rel}","templated":true}]}}