{"id":494185,"date":"2017-08-15T21:03:47","date_gmt":"2017-08-16T02:03:47","guid":{"rendered":"https:\/\/www.futboltotal.com.mx\/?p=494185"},"modified":"2017-08-15T21:24:38","modified_gmt":"2017-08-16T02:24:38","slug":"resultado-cronica-puebla-1-1-tijuana-copa-mx","status":"publish","type":"post","link":"http:\/\/desarrollo.grupomedios.com\/futbol\/destacado-home\/resultado-cronica-puebla-1-1-tijuana-copa-mx\/2017\/08","title":{"rendered":"Puebla y Tijuana empatan en la Copa Mx"},"content":{"rendered":"<p>La Franja del Puebla y los Xolos de Tijuana dieron un pobre espect\u00e1culo en el Cuauht\u00e9moc y terminaron empatados 1-1.<\/p>\n<p>Con goles de Pablo M\u00edguez por los poblanos y Juan Carlos N\u00fa\u00f1ez por los Xoloitzcuintles, el marcador termin\u00f3 con una igualdad que conviene ligeramente m\u00e1s a los fronterizos.<\/p>\n<p>M\u00edguez anot\u00f3 al minuto 42, despu\u00e9s de una serie de rebotes para poner el 1-0 en favor de La Franja.<\/p>\n<blockquote class=\"twitter-tweet\" data-partner=\"tweetdeck\">\n<p dir=\"ltr\" lang=\"es\"><a href=\"https:\/\/twitter.com\/hashtag\/NoTeLoPierdas?src=hash\">#NoTeLoPierdas<\/a><br \/>\nG\u26bd\u26bd\u26bdL de Pablo Miguez<a href=\"https:\/\/twitter.com\/ClubPueblaMX\">@ClubPueblaMX<\/a> 1-0 <a href=\"https:\/\/twitter.com\/Xolos\">@Xolos<\/a> <a href=\"https:\/\/twitter.com\/hashtag\/Jornada4?src=hash\">#Jornada4<\/a> <a href=\"https:\/\/twitter.com\/hashtag\/CopaCoronaMX?src=hash\">#CopaCoronaMX<\/a> &#x1f3c6; <a href=\"https:\/\/twitter.com\/hashtag\/Apertura2017?src=hash\">#Apertura2017<\/a><br \/>\n\u26bd <a href=\"https:\/\/twitter.com\/hashtag\/SienteTuLiga?src=hash\">#SienteTuLiga<\/a> \u26bd <a href=\"https:\/\/t.co\/JjlQG3HY45\">pic.twitter.com\/JjlQG3HY45<\/a><\/p>\n<p>\u2014 #CopaCoronaMX (@CopaCoronaMx) <a href=\"https:\/\/twitter.com\/CopaCoronaMx\/status\/897620749267202048\">August 16, 2017<\/a><\/p><\/blockquote>\n<p><script async src=\"\/\/platform.twitter.com\/widgets.js\" charset=\"utf-8\"><\/script><\/p>\n<p>Sin embargo, la ventaja no dur\u00f3 mucho, porque al minuto 44 fue N\u00fa\u00f1ez quien igual\u00f3 el encuentro con un disparo que venci\u00f3 a Villase\u00f1or.<\/p>\n<blockquote class=\"twitter-tweet\" data-partner=\"tweetdeck\">\n<p dir=\"ltr\" lang=\"es\"><a href=\"https:\/\/twitter.com\/hashtag\/NoTeLoPierdas?src=hash\">#NoTeLoPierdas<\/a><br \/>\nG\u26bd\u26bd\u26bdL de Juan Carlos Nu\u00f1ez<a href=\"https:\/\/twitter.com\/ClubPueblaMX\">@ClubPueblaMX<\/a> 1-1 <a href=\"https:\/\/twitter.com\/Xolos\">@Xolos<\/a> <a href=\"https:\/\/twitter.com\/hashtag\/Jornada4?src=hash\">#Jornada4<\/a> <a href=\"https:\/\/twitter.com\/hashtag\/CopaCoronaMX?src=hash\">#CopaCoronaMX<\/a> &#x1f3c6; <a href=\"https:\/\/twitter.com\/hashtag\/Apertura2017?src=hash\">#Apertura2017<\/a><br \/>\n\u26bd <a href=\"https:\/\/twitter.com\/hashtag\/SienteTuLiga?src=hash\">#SienteTuLiga<\/a> \u26bd <a href=\"https:\/\/t.co\/q9lR9MVq16\">pic.twitter.com\/q9lR9MVq16<\/a><\/p>\n<p>\u2014 #CopaCoronaMX (@CopaCoronaMx) <a href=\"https:\/\/twitter.com\/CopaCoronaMx\/status\/897621346406080512\">August 16, 2017<\/a><\/p><\/blockquote>\n<p><script async src=\"\/\/platform.twitter.com\/widgets.js\" charset=\"utf-8\"><\/script><\/p>\n","protected":false},"excerpt":{"rendered":"<p>En un partido parejo, poblanos y fronterizos no pasaron del empate<\/p>\n","protected":false},"author":20,"featured_media":494186,"comment_status":"closed","ping_status":"closed","sticky":false,"template":"","format":"standard","meta":[],"categories":[4247,5,2198],"tags":[285,5969,5974],"_links":{"self":[{"href":"http:\/\/desarrollo.grupomedios.com\/futbol\/wp-json\/wp\/v2\/posts\/494185"}],"collection":[{"href":"http:\/\/desarrollo.grupomedios.com\/futbol\/wp-json\/wp\/v2\/posts"}],"about":[{"href":"http:\/\/desarrollo.grupomedios.com\/futbol\/wp-json\/wp\/v2\/types\/post"}],"author":[{"embeddable":true,"href":"http:\/\/desarrollo.grupomedios.com\/futbol\/wp-json\/wp\/v2\/users\/20"}],"replies":[{"embeddable":true,"href":"http:\/\/desarrollo.grupomedios.com\/futbol\/wp-json\/wp\/v2\/comments?post=494185"}],"version-history":[{"count":1,"href":"http:\/\/desarrollo.grupomedios.com\/futbol\/wp-json\/wp\/v2\/posts\/494185\/revisions"}],"predecessor-version":[{"id":494188,"href":"http:\/\/desarrollo.grupomedios.com\/futbol\/wp-json\/wp\/v2\/posts\/494185\/revisions\/494188"}],"wp:featuredmedia":[{"embeddable":true,"href":"http:\/\/desarrollo.grupomedios.com\/futbol\/wp-json\/wp\/v2\/media\/494186"}],"wp:attachment":[{"href":"http:\/\/desarrollo.grupomedios.com\/futbol\/wp-json\/wp\/v2\/media?parent=494185"}],"wp:term":[{"taxonomy":"category","embeddable":true,"href":"http:\/\/desarrollo.grupomedios.com\/futbol\/wp-json\/wp\/v2\/categories?post=494185"},{"taxonomy":"post_tag","embeddable":true,"href":"http:\/\/desarrollo.grupomedios.com\/futbol\/wp-json\/wp\/v2\/tags?post=494185"}],"curies":[{"name":"wp","href":"https:\/\/api.w.org\/{rel}","templated":true}]}}