{"id":494194,"date":"2017-08-15T22:54:24","date_gmt":"2017-08-16T03:54:24","guid":{"rendered":"https:\/\/www.futboltotal.com.mx\/?p=494194"},"modified":"2017-08-15T22:54:24","modified_gmt":"2017-08-16T03:54:24","slug":"cronica-resultado-santos-2-0-juarez-copa-mx","status":"publish","type":"post","link":"http:\/\/desarrollo.grupomedios.com\/futbol\/destacado-home\/cronica-resultado-santos-2-0-juarez-copa-mx\/2017\/08","title":{"rendered":"Santos hizo valer su condici\u00f3n de local y se llev\u00f3 los tres puntos"},"content":{"rendered":"<p>Este martes se llev\u00f3 a cabo el encuentro entre<strong> Santos<\/strong> y <strong>FC Ju\u00e1rez<\/strong> por la<strong> Jornada 4<\/strong> del<strong> Grupo 7<\/strong> de la <strong>Copa MX<\/strong>, en el que los laguneros hicieron valer su condici\u00f3n de local y se qued\u00f3 con los tres puntos al vencer 2-0 a los fronterizos.<\/p>\n<p style=\"text-align: center;\"><a href=\"https:\/\/www.futboltotal.com.mx\/2017\/08\/resultado-cronica-puebla-1-1-tijuana-copa-mx\/\" target=\"_blank\" rel=\"noopener noreferrer\"><span style=\"color: #333399;\">VER M\u00c1S:\u00a0Puebla y Tijuana empatan en la Copa Mx<\/span><\/a><\/p>\n<p>El primer tiempo fue poco propositivo por ambos conjuntos, salvo algunos chispazos de larga distancia que no lograron inquietar a <strong>Iriarte<\/strong> ni a <strong>Acevedo<\/strong>. El encuentro fue m\u00e1s de lucha y disputa en medio campo; sin embargo, en los \u00faltimos minutos del encuentro <strong>Armenteros<\/strong> envi\u00f3 el bal\u00f3n al fondo de la red tras un centro peligroso de <strong>Lozano<\/strong>, para decretar el 1-0 parcial.<\/p>\n<p style=\"text-align: center;\"><a href=\"https:\/\/www.futboltotal.com.mx\/2017\/08\/cronica-resultado-queretaro-0-1-pachuca-copa-mx\/\" target=\"_blank\" rel=\"noopener noreferrer\"><span style=\"color: #333399;\">VER M\u00c1S:\u00a0Pachuca vence a Gallos en tiempo de compensaci\u00f3n<\/span><\/a><\/p>\n<p>&nbsp;<\/p>\n<blockquote class=\"twitter-video\" data-lang=\"es\">\n<p dir=\"ltr\" lang=\"fr\"><a href=\"https:\/\/twitter.com\/hashtag\/NoTeLoPierdas?src=hash\">#NoTeLoPierdas<\/a><br \/>\nG\u26bd\u26bd\u26bdL de Daniel Armenteros<a href=\"https:\/\/twitter.com\/ClubSantos\">@ClubSantos<\/a> 1-0 <a href=\"https:\/\/twitter.com\/fcjuarezoficial\">@fcjuarezoficial<\/a> <a href=\"https:\/\/twitter.com\/hashtag\/Jornada4?src=hash\">#Jornada4<\/a> <a href=\"https:\/\/twitter.com\/hashtag\/CopaCoronaMX?src=hash\">#CopaCoronaMX<\/a> &#x1f3c6; <a href=\"https:\/\/twitter.com\/hashtag\/Apertura2017?src=hash\">#Apertura2017<\/a><br \/>\n\u26bd <a href=\"https:\/\/twitter.com\/hashtag\/SienteTuLiga?src=hash\">#SienteTuLiga<\/a> \u26bd <a href=\"https:\/\/t.co\/KtAaXayKV3\">pic.twitter.com\/KtAaXayKV3<\/a><\/p>\n<p>\u2014 #CopaCoronaMX (@CopaCoronaMx) <a href=\"https:\/\/twitter.com\/CopaCoronaMx\/status\/897652848669982720\">16 de agosto de 2017<\/a><\/p><\/blockquote>\n<p><script async src=\"\/\/platform.twitter.com\/widgets.js\" charset=\"utf-8\"><\/script><\/p>\n<p style=\"text-align: center;\"><a href=\"https:\/\/www.futboltotal.com.mx\/2017\/08\/alan-pulido-reaparecio-en-verde-valle\/\" target=\"_blank\" rel=\"noopener noreferrer\"><span style=\"color: #333399;\">VER M\u00c1S:\u00a0Pulido reapareci\u00f3 en Verde Valle<\/span><\/a><\/p>\n<p>El segundo tiempo fue mucho mejor que la primera mitad, ya que <strong>Santos<\/strong> sali\u00f3 con todo en busca del segundo gol, mientras que <strong>Bravos<\/strong> dej\u00f3 de buscar la meta rival, adem\u00e1s de que los laguneros lograron adue\u00f1arse de la posesi\u00f3n del esf\u00e9rico y le cedieron muy poco a los fronterizos, quienes con algunos chispazos se arrimaron al arco de<strong> Acevedo,\u00a0<\/strong>pero de poco les servi\u00f3 y al 64&#8242;, <strong>Lozano<\/strong> ampli\u00f3 la ventaja tras un error garrafal de la zaga de <strong>Ju\u00e1rez\u00a0<\/strong>y decret\u00f3 la victoria para la escuadra santista.<\/p>\n<p>&nbsp;<\/p>\n<blockquote class=\"twitter-video\" data-lang=\"es\">\n<p dir=\"ltr\" lang=\"ht\"><a href=\"https:\/\/twitter.com\/hashtag\/NoTeLoPierdas?src=hash\">#NoTeLoPierdas<\/a><br \/>\nG\u26bd\u26bd\u26bdL de Brian Lozano<a href=\"https:\/\/twitter.com\/ClubSantos\">@ClubSantos<\/a> 2-0 <a href=\"https:\/\/twitter.com\/fcjuarezoficial\">@fcjuarezoficial<\/a> <a href=\"https:\/\/twitter.com\/hashtag\/Jornada4?src=hash\">#Jornada4<\/a> <a href=\"https:\/\/twitter.com\/hashtag\/CopaCoronaMX?src=hash\">#CopaCoronaMX<\/a> &#x1f3c6; <a href=\"https:\/\/twitter.com\/hashtag\/Apertura2017?src=hash\">#Apertura2017<\/a><br \/>\n\u26bd <a href=\"https:\/\/twitter.com\/hashtag\/SienteTuLiga?src=hash\">#SienteTuLiga<\/a> \u26bd <a href=\"https:\/\/t.co\/CHn8SDQR24\">pic.twitter.com\/CHn8SDQR24<\/a><\/p>\n<p>\u2014 #CopaCoronaMX (@CopaCoronaMx) <a href=\"https:\/\/twitter.com\/CopaCoronaMx\/status\/897661302679756800\">16 de agosto de 2017<\/a><\/p><\/blockquote>\n<p><script async src=\"\/\/platform.twitter.com\/widgets.js\" charset=\"utf-8\"><\/script><\/p>\n","protected":false},"excerpt":{"rendered":"<p>Santos fue contundente y se llev\u00f3 los tres puntos, mientras que Bravos se despidi\u00f3 del torneo<\/p>\n","protected":false},"author":20,"featured_media":494199,"comment_status":"closed","ping_status":"closed","sticky":false,"template":"","format":"standard","meta":[],"categories":[4247,5,2198],"tags":[285,6558,9747,2578,5972],"_links":{"self":[{"href":"http:\/\/desarrollo.grupomedios.com\/futbol\/wp-json\/wp\/v2\/posts\/494194"}],"collection":[{"href":"http:\/\/desarrollo.grupomedios.com\/futbol\/wp-json\/wp\/v2\/posts"}],"about":[{"href":"http:\/\/desarrollo.grupomedios.com\/futbol\/wp-json\/wp\/v2\/types\/post"}],"author":[{"embeddable":true,"href":"http:\/\/desarrollo.grupomedios.com\/futbol\/wp-json\/wp\/v2\/users\/20"}],"replies":[{"embeddable":true,"href":"http:\/\/desarrollo.grupomedios.com\/futbol\/wp-json\/wp\/v2\/comments?post=494194"}],"version-history":[{"count":3,"href":"http:\/\/desarrollo.grupomedios.com\/futbol\/wp-json\/wp\/v2\/posts\/494194\/revisions"}],"predecessor-version":[{"id":494202,"href":"http:\/\/desarrollo.grupomedios.com\/futbol\/wp-json\/wp\/v2\/posts\/494194\/revisions\/494202"}],"wp:featuredmedia":[{"embeddable":true,"href":"http:\/\/desarrollo.grupomedios.com\/futbol\/wp-json\/wp\/v2\/media\/494199"}],"wp:attachment":[{"href":"http:\/\/desarrollo.grupomedios.com\/futbol\/wp-json\/wp\/v2\/media?parent=494194"}],"wp:term":[{"taxonomy":"category","embeddable":true,"href":"http:\/\/desarrollo.grupomedios.com\/futbol\/wp-json\/wp\/v2\/categories?post=494194"},{"taxonomy":"post_tag","embeddable":true,"href":"http:\/\/desarrollo.grupomedios.com\/futbol\/wp-json\/wp\/v2\/tags?post=494194"}],"curies":[{"name":"wp","href":"https:\/\/api.w.org\/{rel}","templated":true}]}}