{"id":494233,"date":"2017-08-16T10:20:58","date_gmt":"2017-08-16T15:20:58","guid":{"rendered":"https:\/\/www.futboltotal.com.mx\/?p=494233"},"modified":"2017-08-16T10:20:58","modified_gmt":"2017-08-16T15:20:58","slug":"carlos-bacca-deja-al-milan-vuelve-a-espana","status":"publish","type":"post","link":"http:\/\/desarrollo.grupomedios.com\/futbol\/futbol-internacional\/carlos-bacca-deja-al-milan-vuelve-a-espana\/2017\/08","title":{"rendered":"Carlos Bacca deja al Milan y vuelve a Espa\u00f1a"},"content":{"rendered":"<p>El delantero colombiano <strong>Carlos Bacca<\/strong> jugar\u00e1 esta temporada cedido en el <strong>Villarreal<\/strong> por el Milan, con una opci\u00f3n de compra a final de la campa\u00f1a, seg\u00fan ha anunciado el club castellonense.<\/p>\n<p>El futbolista, de 29 a\u00f1os, ha jugado las dos \u00faltimas temporadas en el club italiano al que lleg\u00f3 procedente del Sevilla FC a cambio de treinta millones de euros.<\/p>\n<p style=\"text-align: center;\"><span style=\"color: #3366ff;\"><a style=\"color: #3366ff;\" href=\"https:\/\/www.futboltotal.com.mx\/2017\/08\/manchester-united-estaria-interesado-en-raul-jimenez\/\">VER M\u00c1S: Manchester United estar\u00eda interesado en Ra\u00fal Jim\u00e9nez<\/a><\/span><\/p>\n<blockquote class=\"twitter-tweet\" data-data-dnt=\"true\">\n<p lang=\"es\" dir=\"ltr\">La presentaci\u00f3n de <a href=\"https:\/\/twitter.com\/carlos7bacca?ref_src=twsrc%5Etfw\">@carlos7bacca<\/a> ser\u00e1 este jueves por todo lo alto\ud83c\udf89\u26bd\ufe0f\ud83c\udf81 en el Mini Estadi (20.00h). \u00a1No te la puedes perder!\ud83d\udc4f <a href=\"https:\/\/twitter.com\/hashtag\/BenvingutBacca?src=hash&amp;ref_src=twsrc%5Etfw\">#BenvingutBacca<\/a> <a href=\"https:\/\/t.co\/A6NPV86vxG\">pic.twitter.com\/A6NPV86vxG<\/a><\/p>\n<p>&mdash; Villarreal CF (@VillarrealCF) <a href=\"https:\/\/twitter.com\/VillarrealCF\/status\/897835340391563264?ref_src=twsrc%5Etfw\">August 16, 2017<\/a><\/p><\/blockquote>\n<p><script async src=\"https:\/\/platform.twitter.com\/widgets.js\" charset=\"utf-8\"><\/script><\/p>\n<p>La cesi\u00f3n contempla una opci\u00f3n de compra al final de esta temporada a cambio de una cantidad que, seg\u00fan fuentes pr\u00f3ximas a la negociaci\u00f3n, podr\u00eda cifrarse en algo m\u00e1s de quince millones.<\/p>\n<p>El club que preside Fernando Roig ha acelerado el fichaje del atacante colombiano tras la salida la pasada semana del delantero Roberto Soldado, contratado por el Fenerbahce.<\/p>\n<p style=\"text-align: center;\"><span style=\"color: #3366ff;\"><a style=\"color: #3366ff;\" href=\"https:\/\/www.futboltotal.com.mx\/2017\/08\/resultado-cronica-cruz-azul-1-0-zacatepec-copa-mx\/\">VER M\u00c1S: Cruz Azul logra una victoria apretada en la Copa<\/a><\/span><\/p>\n<p>Durante la temporada pasada, Bacca disput\u00f3 34 encuentros con el AC Milan entre la Serie A, la Supercopa italiana y la Copa de Italia, en los que marc\u00f3 14 goles.<\/p>\n<blockquote class=\"twitter-tweet\" data-data-dnt=\"true\">\n<p lang=\"es\" dir=\"ltr\"><a href=\"https:\/\/twitter.com\/hashtag\/CVFNews?src=hash&amp;ref_src=twsrc%5Etfw\">#CVFNews<\/a> | Y el \u20189\u2019 del <a href=\"https:\/\/twitter.com\/hashtag\/Villarreal?src=hash&amp;ref_src=twsrc%5Etfw\">#Villarreal<\/a> es\u2026\ud83e\udd41 \u00a1<a href=\"https:\/\/twitter.com\/carlos7bacca?ref_src=twsrc%5Etfw\">@carlos7bacca<\/a>! <a href=\"https:\/\/twitter.com\/hashtag\/BenvingutBacca?src=hash&amp;ref_src=twsrc%5Etfw\">#BenvingutBacca<\/a> <a href=\"https:\/\/t.co\/0ocxSS0elU\">pic.twitter.com\/0ocxSS0elU<\/a><\/p>\n<p>&mdash; Villarreal CF (@VillarrealCF) <a href=\"https:\/\/twitter.com\/VillarrealCF\/status\/897769353244012545?ref_src=twsrc%5Etfw\">August 16, 2017<\/a><\/p><\/blockquote>\n<p><script async src=\"https:\/\/platform.twitter.com\/widgets.js\" charset=\"utf-8\"><\/script><\/p>\n<p>Es internacional con la selecci\u00f3n de Colombia, con la que hasta el momento ha disputado un total de 39 partidos. A lo largo de su carrera profesional, ha sido capaz de anotar 165 goles en 336 partidos. EFE<\/p>\n","protected":false},"excerpt":{"rendered":"<p>El delantero colombiano regresar\u00e1 a LaLiga tras su paso por Sevilla.<\/p>\n","protected":false},"author":144,"featured_media":463474,"comment_status":"closed","ping_status":"closed","sticky":false,"template":"","format":"standard","meta":[],"categories":[3839,3844],"tags":[3589,242,2607],"_links":{"self":[{"href":"http:\/\/desarrollo.grupomedios.com\/futbol\/wp-json\/wp\/v2\/posts\/494233"}],"collection":[{"href":"http:\/\/desarrollo.grupomedios.com\/futbol\/wp-json\/wp\/v2\/posts"}],"about":[{"href":"http:\/\/desarrollo.grupomedios.com\/futbol\/wp-json\/wp\/v2\/types\/post"}],"author":[{"embeddable":true,"href":"http:\/\/desarrollo.grupomedios.com\/futbol\/wp-json\/wp\/v2\/users\/144"}],"replies":[{"embeddable":true,"href":"http:\/\/desarrollo.grupomedios.com\/futbol\/wp-json\/wp\/v2\/comments?post=494233"}],"version-history":[{"count":1,"href":"http:\/\/desarrollo.grupomedios.com\/futbol\/wp-json\/wp\/v2\/posts\/494233\/revisions"}],"predecessor-version":[{"id":494236,"href":"http:\/\/desarrollo.grupomedios.com\/futbol\/wp-json\/wp\/v2\/posts\/494233\/revisions\/494236"}],"wp:featuredmedia":[{"embeddable":true,"href":"http:\/\/desarrollo.grupomedios.com\/futbol\/wp-json\/wp\/v2\/media\/463474"}],"wp:attachment":[{"href":"http:\/\/desarrollo.grupomedios.com\/futbol\/wp-json\/wp\/v2\/media?parent=494233"}],"wp:term":[{"taxonomy":"category","embeddable":true,"href":"http:\/\/desarrollo.grupomedios.com\/futbol\/wp-json\/wp\/v2\/categories?post=494233"},{"taxonomy":"post_tag","embeddable":true,"href":"http:\/\/desarrollo.grupomedios.com\/futbol\/wp-json\/wp\/v2\/tags?post=494233"}],"curies":[{"name":"wp","href":"https:\/\/api.w.org\/{rel}","templated":true}]}}