{"id":494235,"date":"2017-08-16T13:38:49","date_gmt":"2017-08-16T18:38:49","guid":{"rendered":"https:\/\/www.futboltotal.com.mx\/?p=494235"},"modified":"2017-08-16T17:16:20","modified_gmt":"2017-08-16T22:16:20","slug":"los-5-mejores-goles-en-la-historia-la-premier-league","status":"publish","type":"post","link":"http:\/\/desarrollo.grupomedios.com\/futbol\/futbol-internacional\/los-5-mejores-goles-en-la-historia-la-premier-league\/2017\/08","title":{"rendered":"Los 5 mejores goles en la historia de la Premier League"},"content":{"rendered":"<p>La <strong>BBC<\/strong> realiz\u00f3 una encuesta en la que se decidieron los 5 mejores goles con motivo de los 25 a\u00f1os de instauraci\u00f3n de la <strong>Premier League<\/strong>.<\/p>\n<p>La encuesta fue dividida por bloques de cinco a\u00f1os, de modo que los goles se dieron por cada lustro.<\/p>\n<p style=\"text-align: center;\"><span style=\"color: #333399;\"><a style=\"color: #333399;\" href=\"https:\/\/www.futboltotal.com.mx\/2017\/08\/manchester-united-estaria-interesado-en-raul-jimenez\/\" target=\"_blank\" rel=\"noopener noreferrer\">VER M\u00c1S: Manchester United, interesado en Ra\u00fal Jim\u00e9nez<\/a><\/span><\/p>\n<p>El primer elegido del periodo 1992-1993 a 1996-1997 fue el de<strong> Tony Yeboah<\/strong> de el <strong>Leeds United<\/strong>.<\/p>\n<p><iframe loading=\"lazy\" src=\"https:\/\/www.youtube.com\/embed\/EBBnKu5bnCE?feature=oembed\" frameborder=\"0\" allowfullscreen><\/iframe><\/p>\n<p>El segundo fue de <strong>Dennis Bergkamp<\/strong> para el <strong>Arsenal<\/strong>, en el periodo que comprende de 1997-1998 al 2001-2002.<\/p>\n<p><iframe loading=\"lazy\" src=\"https:\/\/www.youtube.com\/embed\/IicmCu47pMo?feature=oembed\" frameborder=\"0\" allowfullscreen><\/iframe><\/p>\n<p>El tercer elegido, en el periodo de 2002-2003 al 2006-2007, tambi\u00e9n fue del <strong>Arsenal<\/strong>, en esta oportunidad anotado por <strong>Thierry Henry<\/strong>.<\/p>\n<p><iframe loading=\"lazy\" src=\"https:\/\/www.youtube.com\/embed\/dhrfO_OBdtU?feature=oembed\" frameborder=\"0\" allowfullscreen><\/iframe><\/p>\n<p>El cuarto elegido, que se eligi\u00f3 dentro del periodo de 2007-2008 al 2011-2012, fue para el emblema del<strong> Manchester United<\/strong>, <strong>Wayne Rooney<\/strong>.<\/p>\n<p><iframe loading=\"lazy\" src=\"https:\/\/www.youtube.com\/embed\/GpSwJWr-hMI?start=11&#038;feature=oembed\" frameborder=\"0\" allowfullscreen><\/iframe><\/p>\n<p>El quinto y \u00faltimo, en el periodo de 2012-2013 a 2016-2017, tambi\u00e9n lo gan\u00f3 un futbolista del <strong>Arsenal<\/strong>, <strong>Jack Wilshere<\/strong>.<\/p>\n<p><iframe loading=\"lazy\" src=\"https:\/\/www.youtube.com\/embed\/pnh1O-TixbY?feature=oembed\" frameborder=\"0\" allowfullscreen><\/iframe><\/p>\n<p style=\"text-align: center;\"><span style=\"color: #333399;\"><a style=\"color: #333399;\" href=\"https:\/\/www.futboltotal.com.mx\/2017\/08\/confirmado-cruz-azul-volvera-jugar-estadio-azteca\/\" target=\"_blank\" rel=\"noopener noreferrer\">VER M\u00c1S: Cruz Azul volver\u00e1 a jugar en el Estadio Azteca<\/a><\/span><\/p>\n","protected":false},"excerpt":{"rendered":"<p>Los elegidos fueron unos verdaderos golazos<\/p>\n","protected":false},"author":20,"featured_media":469910,"comment_status":"closed","ping_status":"closed","sticky":false,"template":"","format":"standard","meta":[],"categories":[7570,3839],"tags":[3089,2178,334,949,6051],"_links":{"self":[{"href":"http:\/\/desarrollo.grupomedios.com\/futbol\/wp-json\/wp\/v2\/posts\/494235"}],"collection":[{"href":"http:\/\/desarrollo.grupomedios.com\/futbol\/wp-json\/wp\/v2\/posts"}],"about":[{"href":"http:\/\/desarrollo.grupomedios.com\/futbol\/wp-json\/wp\/v2\/types\/post"}],"author":[{"embeddable":true,"href":"http:\/\/desarrollo.grupomedios.com\/futbol\/wp-json\/wp\/v2\/users\/20"}],"replies":[{"embeddable":true,"href":"http:\/\/desarrollo.grupomedios.com\/futbol\/wp-json\/wp\/v2\/comments?post=494235"}],"version-history":[{"count":1,"href":"http:\/\/desarrollo.grupomedios.com\/futbol\/wp-json\/wp\/v2\/posts\/494235\/revisions"}],"predecessor-version":[{"id":494237,"href":"http:\/\/desarrollo.grupomedios.com\/futbol\/wp-json\/wp\/v2\/posts\/494235\/revisions\/494237"}],"wp:featuredmedia":[{"embeddable":true,"href":"http:\/\/desarrollo.grupomedios.com\/futbol\/wp-json\/wp\/v2\/media\/469910"}],"wp:attachment":[{"href":"http:\/\/desarrollo.grupomedios.com\/futbol\/wp-json\/wp\/v2\/media?parent=494235"}],"wp:term":[{"taxonomy":"category","embeddable":true,"href":"http:\/\/desarrollo.grupomedios.com\/futbol\/wp-json\/wp\/v2\/categories?post=494235"},{"taxonomy":"post_tag","embeddable":true,"href":"http:\/\/desarrollo.grupomedios.com\/futbol\/wp-json\/wp\/v2\/tags?post=494235"}],"curies":[{"name":"wp","href":"https:\/\/api.w.org\/{rel}","templated":true}]}}