{"id":494238,"date":"2017-08-16T11:16:39","date_gmt":"2017-08-16T16:16:39","guid":{"rendered":"https:\/\/www.futboltotal.com.mx\/?p=494238"},"modified":"2017-08-16T11:16:39","modified_gmt":"2017-08-16T16:16:39","slug":"marti-futbol-total-te-regalan-nuevo-jersey-del-real-madrid","status":"publish","type":"post","link":"http:\/\/desarrollo.grupomedios.com\/futbol\/promociones\/marti-futbol-total-te-regalan-nuevo-jersey-del-real-madrid\/2017\/08","title":{"rendered":"Mart\u00ed y Futbol Total te regalan el nuevo jersey del Real Madrid"},"content":{"rendered":"<p>\u00bfQuieres apoyar al <strong>Real Madrid<\/strong> como todo un <em>Merengue<\/em> de coraz\u00f3n? <strong>Mart\u00ed\u00a0<\/strong>y\u00a0<strong>Futbol Total<\/strong>\u00a0te regalan el <strong>nuevo jersey de local<\/strong> del actual campe\u00f3n de Espa\u00f1a y bicampe\u00f3n de la Champions League.<\/p>\n<p>Lo \u00fanico que debes hacer para poder ganarte la playera\u00a0es:<\/p>\n<p>1.-\u00a0Seguir las cuentas de <strong>Futbol Total<\/strong> y <strong>Deportes Mart\u00ed<\/strong>\u00a0tanto en Facebook: <span style=\"color: #333399;\"><strong><a style=\"color: #333399;\" href=\"https:\/\/www.facebook.com\/futboltotalmexico\/\">@futboltotalmexico<\/a><\/strong>\u00a0<\/span>y\u00a0<strong><span style=\"color: #333399;\"><a style=\"color: #333399;\" href=\"https:\/\/www.facebook.com\/DeportesMarti\/\">@DeportesMarti<\/a><\/span>\u00a0<\/strong>como en\u00a0Twitter: <span style=\"color: #333399;\"><strong><a style=\"color: #333399;\" href=\"https:\/\/twitter.com\/MXFutbolTotal\">@MXFutbolTotal<\/a><\/strong><\/span>\u00a0y <span style=\"color: #333399;\"><strong><a style=\"color: #333399;\" href=\"https:\/\/twitter.com\/DeportesMarti\">@DeportesMarti<\/a><\/strong><\/span> y tomar una captura\u00a0de pantalla para comprobarlo.<\/p>\n<p>2.- Compartir\/retuitear la publicaci\u00f3n en redes sociales de esta promoci\u00f3n\u00a0y tomar una captura\u00a0de pantalla para comprobarlo.<\/p>\n<p>3.- Responder esta pregunta:\u00a0\u00bfCu\u00e1l ser\u00e1 el\u00a0resultado final en tiempo regular del partido\u00a0<strong>Real Madrid vs. Barcelona<\/strong>\u00a0de la vuelta de la <strong>Supercopa de Espa\u00f1a<\/strong>?<\/p>\n<ul>\n<li>Debes mandar la respuesta a la pregunta y TODAS las capturas\u00a0de pantalla\/screenshots al mail <strong>futboltotal@futboltotal.com.mx<\/strong> con asunto \u201c<strong>JERSEY REAL MADRID LOCAL<\/strong>\u201d. El mensaje deber\u00e1 estar acompa\u00f1ado de nombre completo y un tel\u00e9fono de contacto.<\/li>\n<li>El primer\u00a0participante en contestar correctamente y que cumpla con todos los requisitos ser\u00e1 el ganador de <strong>1 jersey de local del Real Madrid<\/strong> temporada 2017-2018.<\/li>\n<li>\u00danicamente puedes mandar un correo, de lo contrario ser\u00e1s descalificado.<\/li>\n<\/ul>\n<p>El equipo FT se comunicar\u00e1 con el ganador, quien deber\u00e1 recoger el premio\u00a0en las oficinas de Futbol Total, ubicadas en la Ciudad de M\u00e9xico; a nadie se le podr\u00e1 entregar el premio\u00a0por medio de paqueter\u00eda. La entrega se har\u00e1 los d\u00edas\u00a0<strong>jueves 17 y viernes 18 de agosto<\/strong>\u00a0en un horario exclusivo de <strong>10:00 a 16:00 horas<\/strong>. Indispensable presentar original y copia de identificaci\u00f3n oficial.<\/p>\n<p>\u00a1Mucha suerte\u00a0<em>cracks<\/em>!<\/p>\n","protected":false},"excerpt":{"rendered":"<p>\u00bfQuieres apoyar al Real Madrid como todo un Merengue de coraz\u00f3n? Es muy f\u00e1cil.<\/p>\n","protected":false},"author":20,"featured_media":494244,"comment_status":"closed","ping_status":"closed","sticky":false,"template":"","format":"standard","meta":[],"categories":[7570,3839,60],"tags":[8992,1624,5988,299],"_links":{"self":[{"href":"http:\/\/desarrollo.grupomedios.com\/futbol\/wp-json\/wp\/v2\/posts\/494238"}],"collection":[{"href":"http:\/\/desarrollo.grupomedios.com\/futbol\/wp-json\/wp\/v2\/posts"}],"about":[{"href":"http:\/\/desarrollo.grupomedios.com\/futbol\/wp-json\/wp\/v2\/types\/post"}],"author":[{"embeddable":true,"href":"http:\/\/desarrollo.grupomedios.com\/futbol\/wp-json\/wp\/v2\/users\/20"}],"replies":[{"embeddable":true,"href":"http:\/\/desarrollo.grupomedios.com\/futbol\/wp-json\/wp\/v2\/comments?post=494238"}],"version-history":[{"count":1,"href":"http:\/\/desarrollo.grupomedios.com\/futbol\/wp-json\/wp\/v2\/posts\/494238\/revisions"}],"predecessor-version":[{"id":494245,"href":"http:\/\/desarrollo.grupomedios.com\/futbol\/wp-json\/wp\/v2\/posts\/494238\/revisions\/494245"}],"wp:featuredmedia":[{"embeddable":true,"href":"http:\/\/desarrollo.grupomedios.com\/futbol\/wp-json\/wp\/v2\/media\/494244"}],"wp:attachment":[{"href":"http:\/\/desarrollo.grupomedios.com\/futbol\/wp-json\/wp\/v2\/media?parent=494238"}],"wp:term":[{"taxonomy":"category","embeddable":true,"href":"http:\/\/desarrollo.grupomedios.com\/futbol\/wp-json\/wp\/v2\/categories?post=494238"},{"taxonomy":"post_tag","embeddable":true,"href":"http:\/\/desarrollo.grupomedios.com\/futbol\/wp-json\/wp\/v2\/tags?post=494238"}],"curies":[{"name":"wp","href":"https:\/\/api.w.org\/{rel}","templated":true}]}}