{"id":494239,"date":"2017-08-16T11:12:53","date_gmt":"2017-08-16T16:12:53","guid":{"rendered":"https:\/\/www.futboltotal.com.mx\/?p=494239"},"modified":"2017-08-16T11:12:53","modified_gmt":"2017-08-16T16:12:53","slug":"sevilla-trollea-a-rival-champions","status":"publish","type":"post","link":"http:\/\/desarrollo.grupomedios.com\/futbol\/futbol-internacional\/sevilla-trollea-a-rival-champions\/2017\/08","title":{"rendered":"Sevilla trollea a su rival de Champions"},"content":{"rendered":"<p>La <strong>UEFA Champions League<\/strong> dio inicio con los partidos de Fase Previa a la ronda de grupos y uno de los partidos ser\u00e1 el que enfrente al \u0130stanbul Ba\u015faksehir y al <strong>Sevilla<\/strong>.<\/p>\n<p>Previo al encuentro, el equipo turco quiso &#8216;calentar&#8217; a los espa\u00f1oles a trav\u00e9s de Twitter y pregunt\u00f3 a los espa\u00f1oles si deseaban ganar una vez m\u00e1s la Europa League, pues si quedan eliminados tendr\u00e1n que jugar este torneo.<\/p>\n<p>El <strong>Sevilla<\/strong> no se qued\u00f3 callado y respondi\u00f3 el mensaje de la mejor forma, pues termin\u00f3 trolleando al \u0130stanbul Ba\u015faksehir.<\/p>\n<p style=\"text-align: center;\"><span style=\"color: #3366ff;\"><a style=\"color: #3366ff;\" href=\"https:\/\/www.futboltotal.com.mx\/2017\/08\/manchester-united-estaria-interesado-en-raul-jimenez\/\">VER M\u00c1S: Manchester United estar\u00eda interesado en Ra\u00fal Jim\u00e9nez<\/a><\/span><\/p>\n<p>https:\/\/twitter.com\/SevillaFC\/status\/897550615479537664<\/p>\n","protected":false},"excerpt":{"rendered":"<p>Los andaluces presumieron sus t\u00edtulos de Europa League.<\/p>\n","protected":false},"author":20,"featured_media":454068,"comment_status":"closed","ping_status":"closed","sticky":false,"template":"","format":"standard","meta":[],"categories":[3839],"tags":[6214,49],"_links":{"self":[{"href":"http:\/\/desarrollo.grupomedios.com\/futbol\/wp-json\/wp\/v2\/posts\/494239"}],"collection":[{"href":"http:\/\/desarrollo.grupomedios.com\/futbol\/wp-json\/wp\/v2\/posts"}],"about":[{"href":"http:\/\/desarrollo.grupomedios.com\/futbol\/wp-json\/wp\/v2\/types\/post"}],"author":[{"embeddable":true,"href":"http:\/\/desarrollo.grupomedios.com\/futbol\/wp-json\/wp\/v2\/users\/20"}],"replies":[{"embeddable":true,"href":"http:\/\/desarrollo.grupomedios.com\/futbol\/wp-json\/wp\/v2\/comments?post=494239"}],"version-history":[{"count":1,"href":"http:\/\/desarrollo.grupomedios.com\/futbol\/wp-json\/wp\/v2\/posts\/494239\/revisions"}],"predecessor-version":[{"id":494243,"href":"http:\/\/desarrollo.grupomedios.com\/futbol\/wp-json\/wp\/v2\/posts\/494239\/revisions\/494243"}],"wp:featuredmedia":[{"embeddable":true,"href":"http:\/\/desarrollo.grupomedios.com\/futbol\/wp-json\/wp\/v2\/media\/454068"}],"wp:attachment":[{"href":"http:\/\/desarrollo.grupomedios.com\/futbol\/wp-json\/wp\/v2\/media?parent=494239"}],"wp:term":[{"taxonomy":"category","embeddable":true,"href":"http:\/\/desarrollo.grupomedios.com\/futbol\/wp-json\/wp\/v2\/categories?post=494239"},{"taxonomy":"post_tag","embeddable":true,"href":"http:\/\/desarrollo.grupomedios.com\/futbol\/wp-json\/wp\/v2\/tags?post=494239"}],"curies":[{"name":"wp","href":"https:\/\/api.w.org\/{rel}","templated":true}]}}