{"id":494240,"date":"2017-08-16T11:03:42","date_gmt":"2017-08-16T16:03:42","guid":{"rendered":"https:\/\/www.futboltotal.com.mx\/?p=494240"},"modified":"2017-08-16T11:03:42","modified_gmt":"2017-08-16T16:03:42","slug":"jonatan-cristaldo-deja-monterrey-regresa-a-argentina","status":"publish","type":"post","link":"http:\/\/desarrollo.grupomedios.com\/futbol\/futbol-mexicano\/jonatan-cristaldo-deja-monterrey-regresa-a-argentina\/2017\/08","title":{"rendered":"Jonatan Cristaldo deja Monterrey y regresa a Argentina"},"content":{"rendered":"<p>El delantero argentino, <strong>Jonatan Cristaldo<\/strong>, termin\u00f3 su relaci\u00f3n con los <strong>Rayados de Monterrey<\/strong> y regresar\u00e1 a su pa\u00eds con <strong>V\u00e9lez Sarsfield<\/strong>.<\/p>\n<p>El delantero de 28 a\u00f1os no pudo consolidarse en el futbol mexicano con <strong>Cruz Azul<\/strong> y posteriormente con Rayados; apenas anot\u00f3 <strong>6 goles<\/strong> con ambos equipos.<\/p>\n<p style=\"text-align: center;\"><span style=\"color: #333399;\"><a style=\"color: #333399;\" href=\"https:\/\/www.futboltotal.com.mx\/2017\/08\/ratifican-5-partidos-suspension-cristiano-ronaldo\/\" target=\"_blank\" rel=\"noopener noreferrer\">VER M\u00c1S: Ratifican 5 partidos de suspensi\u00f3n para Cristiano Ronaldo<\/a><\/span><\/p>\n<p>Cristaldo llega libre y a pr\u00e9stamo por una temporada con la posibilidad de rescindir su v\u00ednculo en diciembre. El argentino surgi\u00f3 de V\u00e9lez y tambi\u00e9n jug\u00f3 para <strong>Metalist<\/strong> de Ucrania, <strong>Bologna<\/strong> de Italia y <strong>Palmeiras<\/strong> de Brasil.<\/p>\n<blockquote class=\"twitter-tweet\" data-lang=\"es\">\n<p dir=\"ltr\" lang=\"es\">F\u00daTBOL:<br \/>\nJONATHAN CRISTALDO<br \/>\nVolvi\u00f3 a su casa:<a href=\"https:\/\/t.co\/HsMBHOqDOp\">https:\/\/t.co\/HsMBHOqDOp<\/a> <a href=\"https:\/\/t.co\/Ykb02S4JrA\">pic.twitter.com\/Ykb02S4JrA<\/a><\/p>\n<p>\u2014 V\u00e9lez Sarsfield (@Velez) <a href=\"https:\/\/twitter.com\/Velez\/status\/897749712316530688\">16 de agosto de 2017<\/a><\/p><\/blockquote>\n<p><script async src=\"\/\/platform.twitter.com\/widgets.js\" charset=\"utf-8\"><\/script><\/p>\n<p style=\"text-align: center;\"><span style=\"color: #333399;\"><a style=\"color: #333399;\" href=\"https:\/\/www.futboltotal.com.mx\/2017\/08\/manchester-united-estaria-interesado-en-raul-jimenez\/\" target=\"_blank\" rel=\"noopener noreferrer\">VER M\u00c1S: Manchester United estar\u00eda interesado en Ra\u00fal Jim\u00e9nez<\/a><\/span><\/p>\n","protected":false},"excerpt":{"rendered":"<p>Con Cruz Azul y Rayados anot\u00f3 6 goles <\/p>\n","protected":false},"author":20,"featured_media":441083,"comment_status":"closed","ping_status":"closed","sticky":false,"template":"","format":"standard","meta":[],"categories":[2198,3845],"tags":[5962,9768,497,2907],"_links":{"self":[{"href":"http:\/\/desarrollo.grupomedios.com\/futbol\/wp-json\/wp\/v2\/posts\/494240"}],"collection":[{"href":"http:\/\/desarrollo.grupomedios.com\/futbol\/wp-json\/wp\/v2\/posts"}],"about":[{"href":"http:\/\/desarrollo.grupomedios.com\/futbol\/wp-json\/wp\/v2\/types\/post"}],"author":[{"embeddable":true,"href":"http:\/\/desarrollo.grupomedios.com\/futbol\/wp-json\/wp\/v2\/users\/20"}],"replies":[{"embeddable":true,"href":"http:\/\/desarrollo.grupomedios.com\/futbol\/wp-json\/wp\/v2\/comments?post=494240"}],"version-history":[{"count":1,"href":"http:\/\/desarrollo.grupomedios.com\/futbol\/wp-json\/wp\/v2\/posts\/494240\/revisions"}],"predecessor-version":[{"id":494241,"href":"http:\/\/desarrollo.grupomedios.com\/futbol\/wp-json\/wp\/v2\/posts\/494240\/revisions\/494241"}],"wp:featuredmedia":[{"embeddable":true,"href":"http:\/\/desarrollo.grupomedios.com\/futbol\/wp-json\/wp\/v2\/media\/441083"}],"wp:attachment":[{"href":"http:\/\/desarrollo.grupomedios.com\/futbol\/wp-json\/wp\/v2\/media?parent=494240"}],"wp:term":[{"taxonomy":"category","embeddable":true,"href":"http:\/\/desarrollo.grupomedios.com\/futbol\/wp-json\/wp\/v2\/categories?post=494240"},{"taxonomy":"post_tag","embeddable":true,"href":"http:\/\/desarrollo.grupomedios.com\/futbol\/wp-json\/wp\/v2\/tags?post=494240"}],"curies":[{"name":"wp","href":"https:\/\/api.w.org\/{rel}","templated":true}]}}