{"id":494247,"date":"2017-08-16T11:43:05","date_gmt":"2017-08-16T16:43:05","guid":{"rendered":"https:\/\/www.futboltotal.com.mx\/?p=494247"},"modified":"2017-08-16T11:43:05","modified_gmt":"2017-08-16T16:43:05","slug":"atletico-madrid-pone-45-millones-euros-diego-costa","status":"publish","type":"post","link":"http:\/\/desarrollo.grupomedios.com\/futbol\/futbol-internacional\/atletico-madrid-pone-45-millones-euros-diego-costa\/2017\/08","title":{"rendered":"Atl\u00e9tico de Madrid pone 45 millones de euros por Diego Costa"},"content":{"rendered":"<div class=\"field field-name-body field-type-text-with-summary field-label-hidden txt_nota\">\n<div class=\"field-items\">\n<div class=\"field-item even\">\n<p>El <strong>Atl\u00e9tico de Madrid<\/strong> prepara una fuerte oferta para regresar a sus filas al delantero espa\u00f1ol, <strong>Diego Costa<\/strong>.<\/p>\n<p>Los Colchoneros pondr\u00edan sobre la mesa una cantidad de <strong>45 millones de euros<\/strong> para que <strong>Chelsea<\/strong> deje libre a Costa, de acuerdo con el <em>Daily Mail<\/em>.<\/p>\n<p style=\"text-align: center;\"><span style=\"color: #333399;\"><a style=\"color: #333399;\" href=\"https:\/\/www.futboltotal.com.mx\/2017\/08\/piojo-herrera-revela-fue-buscado-una-seleccion-europea\/\" target=\"_blank\" rel=\"noopener noreferrer\">VER M\u00c1S: Piojo Herrera revela que fue buscado por una selecci\u00f3n europea<\/a><\/span><\/p>\n<p>Sin embargo, debido a la sanci\u00f3n que tiene el cuadro rojiblanco, Diego Costa no podr\u00eda jugar hasta enero de 2018.<\/p>\n<p>El atacante habr\u00eda sido espec\u00edficamente por el estratega argentino, <strong>Diego Simeone<\/strong>; adem\u00e1s que el espa\u00f1ol ya no entra en planes del Chelsea.<\/p>\n<p style=\"text-align: center;\"><span style=\"color: #333399;\"><a style=\"color: #333399;\" href=\"https:\/\/www.futboltotal.com.mx\/2017\/08\/manchester-united-estaria-interesado-en-raul-jimenez\/\" target=\"_blank\" rel=\"noopener noreferrer\">VER M\u00c1S: Manchester United estar\u00eda interesado en Ra\u00fal Jim\u00e9nez<\/a><\/span><\/p>\n<p><iframe loading=\"lazy\" src=\"https:\/\/www.youtube.com\/embed\/XILxyaMfKY8?start=14&#038;feature=oembed\" frameborder=\"0\" allowfullscreen><\/iframe><\/p>\n<\/div>\n<\/div>\n<\/div>\n","protected":false},"excerpt":{"rendered":"<p>El espa\u00f1ol ya no entr\u00f3 en planes con el Chelsea<\/p>\n","protected":false},"author":20,"featured_media":482504,"comment_status":"closed","ping_status":"closed","sticky":false,"template":"","format":"standard","meta":[],"categories":[7740,3839],"tags":[4873,5981,3205],"_links":{"self":[{"href":"http:\/\/desarrollo.grupomedios.com\/futbol\/wp-json\/wp\/v2\/posts\/494247"}],"collection":[{"href":"http:\/\/desarrollo.grupomedios.com\/futbol\/wp-json\/wp\/v2\/posts"}],"about":[{"href":"http:\/\/desarrollo.grupomedios.com\/futbol\/wp-json\/wp\/v2\/types\/post"}],"author":[{"embeddable":true,"href":"http:\/\/desarrollo.grupomedios.com\/futbol\/wp-json\/wp\/v2\/users\/20"}],"replies":[{"embeddable":true,"href":"http:\/\/desarrollo.grupomedios.com\/futbol\/wp-json\/wp\/v2\/comments?post=494247"}],"version-history":[{"count":1,"href":"http:\/\/desarrollo.grupomedios.com\/futbol\/wp-json\/wp\/v2\/posts\/494247\/revisions"}],"predecessor-version":[{"id":494254,"href":"http:\/\/desarrollo.grupomedios.com\/futbol\/wp-json\/wp\/v2\/posts\/494247\/revisions\/494254"}],"wp:featuredmedia":[{"embeddable":true,"href":"http:\/\/desarrollo.grupomedios.com\/futbol\/wp-json\/wp\/v2\/media\/482504"}],"wp:attachment":[{"href":"http:\/\/desarrollo.grupomedios.com\/futbol\/wp-json\/wp\/v2\/media?parent=494247"}],"wp:term":[{"taxonomy":"category","embeddable":true,"href":"http:\/\/desarrollo.grupomedios.com\/futbol\/wp-json\/wp\/v2\/categories?post=494247"},{"taxonomy":"post_tag","embeddable":true,"href":"http:\/\/desarrollo.grupomedios.com\/futbol\/wp-json\/wp\/v2\/tags?post=494247"}],"curies":[{"name":"wp","href":"https:\/\/api.w.org\/{rel}","templated":true}]}}