{"id":494257,"date":"2017-08-16T12:07:47","date_gmt":"2017-08-16T17:07:47","guid":{"rendered":"https:\/\/www.futboltotal.com.mx\/?p=494257"},"modified":"2017-08-16T12:07:47","modified_gmt":"2017-08-16T17:07:47","slug":"raul-gudino-en-la-orbita-del-vitesse-holanda","status":"publish","type":"post","link":"http:\/\/desarrollo.grupomedios.com\/futbol\/futbol-internacional\/raul-gudino-en-la-orbita-del-vitesse-holanda\/2017\/08","title":{"rendered":"Ra\u00fal Gudi\u00f1o, en la \u00f3rbita del Vitesse de Holanda"},"content":{"rendered":"<p>El portero mexicano, <strong>Ra\u00fal Gudi\u00f1o<\/strong>, est\u00e1 en la mira del <strong>Vitesse de Holanda<\/strong>, que lo ayudar\u00eda a encontrar minutos en la <strong>Eredivisie<\/strong>.<\/p>\n<p>Gudi\u00f1o podr\u00eda salir del Porto a pr\u00e9stamo, que lo librar\u00eda de jugar en el equipo B de los <strong>Dragones<\/strong> y adquirir experiencia, de acuerdo con el <em>diario A Bola<\/em>.<\/p>\n<p style=\"text-align: center;\"><span style=\"color: #333399;\"><a style=\"color: #333399;\" href=\"https:\/\/www.futboltotal.com.mx\/2017\/08\/manchester-united-estaria-interesado-en-raul-jimenez\/\" target=\"_blank\" rel=\"noopener noreferrer\">VER M\u00c1S: Manchester United estar\u00eda interesado en Ra\u00fal Jim\u00e9nez<\/a><\/span><\/p>\n<p>Este rumor ha crecido luego que <strong>Eloy Room<\/strong>, portero titular del Vitesse, fuera transferido al\u00a0<strong>PSV Eindhoven<\/strong>.<\/p>\n<p>El joven arquero mexicano tiene contrato hasta 2020 con el Porto y su mejor opci\u00f3n para salir ser\u00eda en pr\u00e9stamo con opci\u00f3n a compra.<\/p>\n<p style=\"text-align: center;\"><span style=\"color: #333399;\"><a style=\"color: #333399;\" href=\"https:\/\/www.futboltotal.com.mx\/2017\/08\/confirmado-cruz-azul-volvera-jugar-estadio-azteca\/\" target=\"_blank\" rel=\"noopener noreferrer\">VER M\u00c1S: Cruz Azul volver\u00e1 a jugar en el Estadio Azteca<\/a><\/span><\/p>\n<p><iframe loading=\"lazy\" src=\"https:\/\/www.youtube.com\/embed\/Ka11-0d5DD8?feature=oembed\" frameborder=\"0\" allowfullscreen><\/iframe><\/p>\n","protected":false},"excerpt":{"rendered":"<p>El portero mexicano podr\u00eda acompa\u00f1ar al Chucky Lozano en la Eredivisie<\/p>\n","protected":false},"author":20,"featured_media":477476,"comment_status":"closed","ping_status":"closed","sticky":false,"template":"","format":"standard","meta":[],"categories":[7740,3839],"tags":[6024,1208,715,4596,2096],"_links":{"self":[{"href":"http:\/\/desarrollo.grupomedios.com\/futbol\/wp-json\/wp\/v2\/posts\/494257"}],"collection":[{"href":"http:\/\/desarrollo.grupomedios.com\/futbol\/wp-json\/wp\/v2\/posts"}],"about":[{"href":"http:\/\/desarrollo.grupomedios.com\/futbol\/wp-json\/wp\/v2\/types\/post"}],"author":[{"embeddable":true,"href":"http:\/\/desarrollo.grupomedios.com\/futbol\/wp-json\/wp\/v2\/users\/20"}],"replies":[{"embeddable":true,"href":"http:\/\/desarrollo.grupomedios.com\/futbol\/wp-json\/wp\/v2\/comments?post=494257"}],"version-history":[{"count":1,"href":"http:\/\/desarrollo.grupomedios.com\/futbol\/wp-json\/wp\/v2\/posts\/494257\/revisions"}],"predecessor-version":[{"id":494258,"href":"http:\/\/desarrollo.grupomedios.com\/futbol\/wp-json\/wp\/v2\/posts\/494257\/revisions\/494258"}],"wp:featuredmedia":[{"embeddable":true,"href":"http:\/\/desarrollo.grupomedios.com\/futbol\/wp-json\/wp\/v2\/media\/477476"}],"wp:attachment":[{"href":"http:\/\/desarrollo.grupomedios.com\/futbol\/wp-json\/wp\/v2\/media?parent=494257"}],"wp:term":[{"taxonomy":"category","embeddable":true,"href":"http:\/\/desarrollo.grupomedios.com\/futbol\/wp-json\/wp\/v2\/categories?post=494257"},{"taxonomy":"post_tag","embeddable":true,"href":"http:\/\/desarrollo.grupomedios.com\/futbol\/wp-json\/wp\/v2\/tags?post=494257"}],"curies":[{"name":"wp","href":"https:\/\/api.w.org\/{rel}","templated":true}]}}