{"id":494271,"date":"2017-08-16T13:40:35","date_gmt":"2017-08-16T18:40:35","guid":{"rendered":"https:\/\/www.futboltotal.com.mx\/?p=494271"},"modified":"2017-08-16T13:40:35","modified_gmt":"2017-08-16T18:40:35","slug":"prince-boateng-al-eintracht-competencia-marco-fabian","status":"publish","type":"post","link":"http:\/\/desarrollo.grupomedios.com\/futbol\/futbol-internacional\/prince-boateng-al-eintracht-competencia-marco-fabian\/2017\/08","title":{"rendered":"Prince Boateng al Eintracht, ser\u00eda competencia de Marco Fabi\u00e1n"},"content":{"rendered":"<p>El ghan\u00e9s <strong>Kevin-Prince Boateng<\/strong> rescindi\u00f3 su contrato con <strong>Las Palmas<\/strong> en Espa\u00f1a y su futuro apunta al <strong>Eintracht Frankfurt<\/strong> de <strong>Marco Fabi\u00e1n<\/strong> y <strong>Carlos Salcedo<\/strong>.<\/p>\n<p>De acuerdo con el portal <em>Stern<\/em> de Alemania, el mediocampista de 30 a\u00f1os estar\u00eda muy cerca de llegar a las \u00c1guilas alemanas.<\/p>\n<p style=\"text-align: center;\"><span style=\"color: #333399;\"><a style=\"color: #333399;\" href=\"https:\/\/www.futboltotal.com.mx\/2017\/08\/manchester-united-estaria-interesado-en-raul-jimenez\/\" target=\"_blank\" rel=\"noopener noreferrer\">VER M\u00c1S: Manchester United estar\u00eda interesado en Ra\u00fal Jim\u00e9nez<\/a><\/span><\/p>\n<p>&#8220;\u00c9l es un tema muy importante para nosotros&#8221;, expres\u00f3\u00a0<strong>Niko Kovac<\/strong> a la prensa, de acuerdo con la publicaci\u00f3n.<\/p>\n<p>Esto significar\u00eda una competencia directa con Marco Fabi\u00e1n, pues ambos futbolistas se desempe\u00f1an en el mismo sector del campo. Por el momento, Fabi\u00e1n sufre de una<strong> lesi\u00f3n lumbar<\/strong>.<\/p>\n<p>Dentro de su amplia experiencia, en la Bundesliga ha jugado para el <strong>Hertha Berl\u00edn, Borussia Dortmund y Schalke 04<\/strong>.<\/p>\n<p><iframe loading=\"lazy\" src=\"https:\/\/www.youtube.com\/embed\/tGCWKccW0VE?start=32&#038;feature=oembed\" frameborder=\"0\" allowfullscreen><\/iframe><\/p>\n<p style=\"text-align: center;\"><span style=\"color: #333399;\"><a style=\"color: #333399;\" href=\"https:\/\/www.futboltotal.com.mx\/2017\/08\/piojo-herrera-revela-fue-buscado-una-seleccion-europea\/\" target=\"_blank\" rel=\"noopener noreferrer\">VER M\u00c1S: Piojo Herrera revela la selecci\u00f3n europea que lo busc\u00f3<\/a><\/span><\/p>\n<h4>Tambi\u00e9n lleg\u00f3 competencia para Salcedo<\/h4>\n<p>Por otro lado, Eintracht Frankfurt hizo oficial la llegada el defensa de 25 a\u00f1os, <strong>Simon Falette<\/strong>.<\/p>\n<p>El franc\u00e9s llega procedente del <strong>Metz<\/strong> de la <strong>Ligue 1<\/strong> y firm\u00f3 con el club hasta el 2021.<\/p>\n<p>Recordando que Carlos Salcedo a\u00fan se encuentra recuper\u00e1ndose de la lesi\u00f3n que sufri\u00f3 en el hombro durante la <strong>Copa Confederaciones<\/strong>.<\/p>\n<blockquote class=\"twitter-tweet\" data-lang=\"es\">\n<p dir=\"ltr\" lang=\"es\">\u00a1Bienvenido, Simon <a href=\"https:\/\/twitter.com\/hashtag\/Falette?src=hash\">#Falette<\/a>! &#x1f44b;<\/p>\n<p>&#x1f45f; Defensa de 25 a\u00f1os<br \/>\n\u26bd\ufe0f Proveniente de <a href=\"https:\/\/twitter.com\/FCMetz\">@FCMetz<\/a><br \/>\n&#x1f1eb;&#x1f1f7; Ha jugado en 4 equipos de Francia<br \/>\n&#x1f4dd; Firm\u00f3 hasta el 2021 <a href=\"https:\/\/t.co\/CJbbKR9JhC\">pic.twitter.com\/CJbbKR9JhC<\/a><\/p>\n<p>\u2014 eintracht_esp (@eintracht_esp) <a href=\"https:\/\/twitter.com\/eintracht_esp\/status\/897870600118693889\">16 de agosto de 2017<\/a><\/p><\/blockquote>\n<p><script async src=\"\/\/platform.twitter.com\/widgets.js\" charset=\"utf-8\"><\/script><\/p>\n<p style=\"text-align: center;\"><span style=\"color: #333399;\"><a style=\"color: #333399;\" href=\"https:\/\/www.futboltotal.com.mx\/2017\/08\/raul-gudino-en-la-orbita-del-vitesse-holanda\/\" target=\"_blank\" rel=\"noopener noreferrer\">VER M\u00c1S: Ex de Chivas, en la \u00f3rbita del Vitesse de Holanda<\/a><\/span><\/p>\n","protected":false},"excerpt":{"rendered":"<p>El mediocampista mexicano ya tendr\u00eda alguien que compita en su puesto<\/p>\n","protected":false},"author":20,"featured_media":459363,"comment_status":"closed","ping_status":"closed","sticky":false,"template":"","format":"standard","meta":[],"categories":[7740,3839],"tags":[5531,8482,2345,131],"_links":{"self":[{"href":"http:\/\/desarrollo.grupomedios.com\/futbol\/wp-json\/wp\/v2\/posts\/494271"}],"collection":[{"href":"http:\/\/desarrollo.grupomedios.com\/futbol\/wp-json\/wp\/v2\/posts"}],"about":[{"href":"http:\/\/desarrollo.grupomedios.com\/futbol\/wp-json\/wp\/v2\/types\/post"}],"author":[{"embeddable":true,"href":"http:\/\/desarrollo.grupomedios.com\/futbol\/wp-json\/wp\/v2\/users\/20"}],"replies":[{"embeddable":true,"href":"http:\/\/desarrollo.grupomedios.com\/futbol\/wp-json\/wp\/v2\/comments?post=494271"}],"version-history":[{"count":1,"href":"http:\/\/desarrollo.grupomedios.com\/futbol\/wp-json\/wp\/v2\/posts\/494271\/revisions"}],"predecessor-version":[{"id":494275,"href":"http:\/\/desarrollo.grupomedios.com\/futbol\/wp-json\/wp\/v2\/posts\/494271\/revisions\/494275"}],"wp:featuredmedia":[{"embeddable":true,"href":"http:\/\/desarrollo.grupomedios.com\/futbol\/wp-json\/wp\/v2\/media\/459363"}],"wp:attachment":[{"href":"http:\/\/desarrollo.grupomedios.com\/futbol\/wp-json\/wp\/v2\/media?parent=494271"}],"wp:term":[{"taxonomy":"category","embeddable":true,"href":"http:\/\/desarrollo.grupomedios.com\/futbol\/wp-json\/wp\/v2\/categories?post=494271"},{"taxonomy":"post_tag","embeddable":true,"href":"http:\/\/desarrollo.grupomedios.com\/futbol\/wp-json\/wp\/v2\/tags?post=494271"}],"curies":[{"name":"wp","href":"https:\/\/api.w.org\/{rel}","templated":true}]}}