{"id":494284,"date":"2017-08-16T14:48:32","date_gmt":"2017-08-16T19:48:32","guid":{"rendered":"https:\/\/www.futboltotal.com.mx\/?p=494284"},"modified":"2017-08-16T14:48:32","modified_gmt":"2017-08-16T19:48:32","slug":"gignac-revela-posible-amistoso-entre-tigres-y-marsella","status":"publish","type":"post","link":"http:\/\/desarrollo.grupomedios.com\/futbol\/futbol-mexicano\/gignac-revela-posible-amistoso-entre-tigres-y-marsella\/2017\/08","title":{"rendered":"Gignac revela posible amistoso entre Tigres y Marsella"},"content":{"rendered":"<p>El delantero franc\u00e9s, <strong>Andr\u00e9-Pierre Gignac<\/strong>, especul\u00f3 en redes sociales un partido amistoso entre su ex equipo, el <strong>Olympique de Marsella<\/strong> y Tigres.<\/p>\n<p>A trav\u00e9s de su Instagram, el franc\u00e9s lanz\u00f3 una imagen en la que aparecen dos figuras, una con el uniforme felino y otra con la del Marsella; <strong>&#8220;partido amistoso pr\u00f3ximo junio?&#8221;<\/strong>, fue el mensaje que escribi\u00f3.<\/p>\n<p style=\"text-align: center;\"><span style=\"color: #333399;\"><a style=\"color: #333399;\" href=\"https:\/\/www.futboltotal.com.mx\/2017\/08\/manchester-united-estaria-interesado-en-raul-jimenez\/\" target=\"_blank\" rel=\"noopener noreferrer\">VER M\u00c1S: Manchester United estar\u00eda interesado en Ra\u00fal Jim\u00e9nez<\/a><\/span><\/p>\n<p><a href=\"https:\/\/www.futboltotal.com.mx\/wp-content\/uploads\/2017\/08\/gignac-marsella.jpg\"><img decoding=\"async\" loading=\"lazy\" class=\"alignnone size-full wp-image-494290\" src=\"https:\/\/www.futboltotal.com.mx\/wp-content\/uploads\/2017\/08\/gignac-marsella.jpg\" alt=\"Gignac revela posible amistoso entre Tigres y Marsella 0\" srcset=\"http:\/\/desarrollo.grupomedios.com\/futbol\/wp-content\/uploads\/2017\/08\/gignac-marsella.jpg 640w, http:\/\/desarrollo.grupomedios.com\/futbol\/wp-content\/uploads\/2017\/08\/gignac-marsella-169x300.jpg 169w, http:\/\/desarrollo.grupomedios.com\/futbol\/wp-content\/uploads\/2017\/08\/gignac-marsella-577x1024.jpg 577w\" sizes=\"(max-width: 640px) 100vw, 640px\" \/><\/a><\/p>\n<p>&nbsp;<\/p>\n<p>De ser realidad esto significar\u00eda que Gignac est\u00e1 pensando quedarse al menos un a\u00f1o m\u00e1s con los felinos, a pesar de los multiples rumores que lo han puesto en la <strong>MLS<\/strong>.<\/p>\n<p>El delantero jug\u00f3 para el\u00a0Olympique de Marsella de 2010 a 2015 anotando <strong>77 goles<\/strong> para el cuadro franc\u00e9s.<\/p>\n<p><iframe loading=\"lazy\" src=\"https:\/\/www.youtube.com\/embed\/Izph-qzEbwQ?feature=oembed\" frameborder=\"0\" allowfullscreen><\/iframe><\/p>\n<p style=\"text-align: center;\"><span style=\"color: #333399;\"><a style=\"color: #333399;\" href=\"https:\/\/www.futboltotal.com.mx\/2017\/08\/prince-boateng-al-eintracht-competencia-marco-fabian\/\" target=\"_blank\" rel=\"noopener noreferrer\">VER M\u00c1S: Marco Fabi\u00e1n tendr\u00eda nueva competencia en el Eintracht Frankfurt<\/a><\/span><\/p>\n<p>&nbsp;<\/p>\n<p>&nbsp;<\/p>\n","protected":false},"excerpt":{"rendered":"<p>El suceso asegurar\u00eda un a\u00f1o m\u00e1s la permanencia del franc\u00e9s en la Liga MX<\/p>\n","protected":false},"author":20,"featured_media":480811,"comment_status":"closed","ping_status":"closed","sticky":false,"template":"","format":"standard","meta":[],"categories":[3839,2198,3845],"tags":[5564,7469,5973],"_links":{"self":[{"href":"http:\/\/desarrollo.grupomedios.com\/futbol\/wp-json\/wp\/v2\/posts\/494284"}],"collection":[{"href":"http:\/\/desarrollo.grupomedios.com\/futbol\/wp-json\/wp\/v2\/posts"}],"about":[{"href":"http:\/\/desarrollo.grupomedios.com\/futbol\/wp-json\/wp\/v2\/types\/post"}],"author":[{"embeddable":true,"href":"http:\/\/desarrollo.grupomedios.com\/futbol\/wp-json\/wp\/v2\/users\/20"}],"replies":[{"embeddable":true,"href":"http:\/\/desarrollo.grupomedios.com\/futbol\/wp-json\/wp\/v2\/comments?post=494284"}],"version-history":[{"count":2,"href":"http:\/\/desarrollo.grupomedios.com\/futbol\/wp-json\/wp\/v2\/posts\/494284\/revisions"}],"predecessor-version":[{"id":494294,"href":"http:\/\/desarrollo.grupomedios.com\/futbol\/wp-json\/wp\/v2\/posts\/494284\/revisions\/494294"}],"wp:featuredmedia":[{"embeddable":true,"href":"http:\/\/desarrollo.grupomedios.com\/futbol\/wp-json\/wp\/v2\/media\/480811"}],"wp:attachment":[{"href":"http:\/\/desarrollo.grupomedios.com\/futbol\/wp-json\/wp\/v2\/media?parent=494284"}],"wp:term":[{"taxonomy":"category","embeddable":true,"href":"http:\/\/desarrollo.grupomedios.com\/futbol\/wp-json\/wp\/v2\/categories?post=494284"},{"taxonomy":"post_tag","embeddable":true,"href":"http:\/\/desarrollo.grupomedios.com\/futbol\/wp-json\/wp\/v2\/tags?post=494284"}],"curies":[{"name":"wp","href":"https:\/\/api.w.org\/{rel}","templated":true}]}}