{"id":494314,"date":"2017-08-16T15:56:23","date_gmt":"2017-08-16T20:56:23","guid":{"rendered":"https:\/\/www.futboltotal.com.mx\/?p=494314"},"modified":"2017-08-16T17:25:47","modified_gmt":"2017-08-16T22:25:47","slug":"al-piojo-lo-recuerdo-con-mucho-carino-rafa-puente","status":"publish","type":"post","link":"http:\/\/desarrollo.grupomedios.com\/futbol\/futbol-mexicano\/al-piojo-lo-recuerdo-con-mucho-carino-rafa-puente\/2017\/08","title":{"rendered":"Al &#8216;Piojo&#8217; lo recuerdo con mucho cari\u00f1o: Rafa Puente"},"content":{"rendered":"<p>El t\u00e9cnico de Lobos BUAP, <strong>Rafa Puente Jr.<\/strong>, tuvo palabras de agradecimiento para el DT del Am\u00e9rica, <strong>Miguel Herrera<\/strong>, por haberlo debutado como jugador.<\/p>\n<p>El &#8216;Piojo&#8217; le dio la oportunidad de ver sus primeros minutos a Puente Jr. en el futbol en el 2003 con el Atlante.<\/p>\n<p style=\"text-align: center;\"><span style=\"color: #333399;\"><a style=\"color: #333399;\" href=\"https:\/\/www.futboltotal.com.mx\/2017\/08\/liga-mx-revela-horarios-jornada-doble\/\">VER M\u00c1S:\u00a0<span class=\"item-title\">Liga MX revela horarios para la jornada doble<\/span><\/a><\/span><\/p>\n<p>&#8220;Le tengo un gran cari\u00f1o por haberme debutado en Primera Divisi\u00f3n, fue una oportunidad muy agradable&#8221;, se\u00f1al\u00f3 el t\u00e9cnico de los lic\u00e1ntropos.<\/p>\n<p>Puente Jr. se\u00f1al\u00f3 que para el duelo contra <strong>Am\u00e9rica<\/strong>, los <strong>Lobos BUAP<\/strong> regresar\u00e1n a su m\u00edstica y &#8220;no vamos a dejar que el equipo no se comporte a la altura de lo que trabaja en la semana&#8221;.<\/p>\n<p style=\"text-align: center;\"><span style=\"color: #333399;\"><a style=\"color: #333399;\" href=\"https:\/\/www.futboltotal.com.mx\/2017\/08\/pumas-avanza-tema-gaston-silva\/\">VER M\u00c1S:\u00a0<span class=\"item-title\">Pumas avanza en el tema Gast\u00f3n Silva<\/span><\/a><\/span><\/p>\n","protected":false},"excerpt":{"rendered":"<p>El t\u00e9cnico de Lobos BUAP agradeci\u00f3 la oportunidad que le dio Miguel Herrera por debutarlo<\/p>\n","protected":false},"author":20,"featured_media":494322,"comment_status":"closed","ping_status":"closed","sticky":false,"template":"","format":"standard","meta":[],"categories":[2198,3845],"tags":[255,8626],"_links":{"self":[{"href":"http:\/\/desarrollo.grupomedios.com\/futbol\/wp-json\/wp\/v2\/posts\/494314"}],"collection":[{"href":"http:\/\/desarrollo.grupomedios.com\/futbol\/wp-json\/wp\/v2\/posts"}],"about":[{"href":"http:\/\/desarrollo.grupomedios.com\/futbol\/wp-json\/wp\/v2\/types\/post"}],"author":[{"embeddable":true,"href":"http:\/\/desarrollo.grupomedios.com\/futbol\/wp-json\/wp\/v2\/users\/20"}],"replies":[{"embeddable":true,"href":"http:\/\/desarrollo.grupomedios.com\/futbol\/wp-json\/wp\/v2\/comments?post=494314"}],"version-history":[{"count":1,"href":"http:\/\/desarrollo.grupomedios.com\/futbol\/wp-json\/wp\/v2\/posts\/494314\/revisions"}],"predecessor-version":[{"id":494323,"href":"http:\/\/desarrollo.grupomedios.com\/futbol\/wp-json\/wp\/v2\/posts\/494314\/revisions\/494323"}],"wp:featuredmedia":[{"embeddable":true,"href":"http:\/\/desarrollo.grupomedios.com\/futbol\/wp-json\/wp\/v2\/media\/494322"}],"wp:attachment":[{"href":"http:\/\/desarrollo.grupomedios.com\/futbol\/wp-json\/wp\/v2\/media?parent=494314"}],"wp:term":[{"taxonomy":"category","embeddable":true,"href":"http:\/\/desarrollo.grupomedios.com\/futbol\/wp-json\/wp\/v2\/categories?post=494314"},{"taxonomy":"post_tag","embeddable":true,"href":"http:\/\/desarrollo.grupomedios.com\/futbol\/wp-json\/wp\/v2\/tags?post=494314"}],"curies":[{"name":"wp","href":"https:\/\/api.w.org\/{rel}","templated":true}]}}