{"id":494317,"date":"2017-08-16T16:07:03","date_gmt":"2017-08-16T21:07:03","guid":{"rendered":"https:\/\/www.futboltotal.com.mx\/?p=494317"},"modified":"2017-08-16T16:07:03","modified_gmt":"2017-08-16T21:07:03","slug":"napoli-vence-al-nice-pie-en-la-champions","status":"publish","type":"post","link":"http:\/\/desarrollo.grupomedios.com\/futbol\/futbol-internacional\/napoli-vence-al-nice-pie-en-la-champions\/2017\/08","title":{"rendered":"Napoli vence al Nice y tiene un pie en la Champions"},"content":{"rendered":"<p>El <strong>Napoli<\/strong> de Mauricio Sarri sac\u00f3 ventaja en el duelo de ida de la Fase Previa de la Champions League al vencer 2-0 al Nice de Francia, que no cont\u00f3 su figura Mario Balotelli y el nuevo fichaje, Wesley Sneijder.<\/p>\n<p>Desde el inicio del partido los italianos se vieron mejor, pues tuvieron oportunidades de irse adelante con disparos de Marek Hamsik y Lorenzo Insigne, pero sus disparos salieron desviados.<\/p>\n<p>Quien no desaprovech\u00f3 su oportunidad fue el belga Dries Mertens, quien marc\u00f3 el primer gol del partido luego de quedar solo frente al portero y burlarlo en su salida.<\/p>\n<p style=\"text-align: center;\"><span style=\"color: #3366ff;\"><a style=\"color: #3366ff;\" href=\"https:\/\/www.futboltotal.com.mx\/2017\/08\/al-piojo-lo-recuerdo-con-mucho-carino-rafa-puente\/\">VER M\u00c1S: El \u2018Piojo\u2019 lo recuerdo con mucho cari\u00f1o: Rafa Puente<\/a><\/span><\/p>\n<blockquote class=\"twitter-tweet\" data-width=\"500\">\n<p lang=\"es\" dir=\"ltr\">N\u00e1poles 1-0 Niza.<\/p>\n<p>Se adelantan los italianos con gol de Mertens. <a href=\"https:\/\/t.co\/j9UOzaDyvy\">pic.twitter.com\/j9UOzaDyvy<\/a><\/p>\n<p>&mdash; Juanito Rsg (@JuanitoRsg) <a href=\"https:\/\/twitter.com\/JuanitoRsg\/status\/897902065342705664\">August 16, 2017<\/a><\/p><\/blockquote>\n<p><script async src=\"\/\/platform.twitter.com\/widgets.js\" charset=\"utf-8\"><\/script><\/p>\n<p>Durante el resto del partido, el <strong>Napoli<\/strong> mostr\u00f3 ser superior al Nice, aunque fue hasta la segunda mitad cuando incrementaron el marcador gracias a un gol de Jorginho.<\/p>\n<p>Primero Lorenzo Insigne cay\u00f3 dentro del \u00e1rea y fue el brasile\u00f1o Jorginho quien cambi\u00f3 el penal por gol.<\/p>\n","protected":false},"excerpt":{"rendered":"<p>El club italiano est\u00e1 cerca de la Fase de Grupos de la UCL.<\/p>\n","protected":false},"author":129,"featured_media":494324,"comment_status":"closed","ping_status":"closed","sticky":false,"template":"","format":"standard","meta":[],"categories":[3839],"tags":[36,6214,160,704],"_links":{"self":[{"href":"http:\/\/desarrollo.grupomedios.com\/futbol\/wp-json\/wp\/v2\/posts\/494317"}],"collection":[{"href":"http:\/\/desarrollo.grupomedios.com\/futbol\/wp-json\/wp\/v2\/posts"}],"about":[{"href":"http:\/\/desarrollo.grupomedios.com\/futbol\/wp-json\/wp\/v2\/types\/post"}],"author":[{"embeddable":true,"href":"http:\/\/desarrollo.grupomedios.com\/futbol\/wp-json\/wp\/v2\/users\/129"}],"replies":[{"embeddable":true,"href":"http:\/\/desarrollo.grupomedios.com\/futbol\/wp-json\/wp\/v2\/comments?post=494317"}],"version-history":[{"count":1,"href":"http:\/\/desarrollo.grupomedios.com\/futbol\/wp-json\/wp\/v2\/posts\/494317\/revisions"}],"predecessor-version":[{"id":494325,"href":"http:\/\/desarrollo.grupomedios.com\/futbol\/wp-json\/wp\/v2\/posts\/494317\/revisions\/494325"}],"wp:featuredmedia":[{"embeddable":true,"href":"http:\/\/desarrollo.grupomedios.com\/futbol\/wp-json\/wp\/v2\/media\/494324"}],"wp:attachment":[{"href":"http:\/\/desarrollo.grupomedios.com\/futbol\/wp-json\/wp\/v2\/media?parent=494317"}],"wp:term":[{"taxonomy":"category","embeddable":true,"href":"http:\/\/desarrollo.grupomedios.com\/futbol\/wp-json\/wp\/v2\/categories?post=494317"},{"taxonomy":"post_tag","embeddable":true,"href":"http:\/\/desarrollo.grupomedios.com\/futbol\/wp-json\/wp\/v2\/tags?post=494317"}],"curies":[{"name":"wp","href":"https:\/\/api.w.org\/{rel}","templated":true}]}}