{"id":494348,"date":"2017-08-16T18:01:30","date_gmt":"2017-08-16T23:01:30","guid":{"rendered":"https:\/\/www.futboltotal.com.mx\/?p=494348"},"modified":"2017-08-16T18:01:30","modified_gmt":"2017-08-16T23:01:30","slug":"atlas-echa-ojo-jugador-braga-para-suplir-clifford","status":"publish","type":"post","link":"http:\/\/desarrollo.grupomedios.com\/futbol\/futbol-mexicano\/atlas-echa-ojo-jugador-braga-para-suplir-clifford\/2017\/08","title":{"rendered":"Atlas le echa el ojo a jugador del Braga para suplir a Clifford"},"content":{"rendered":"<p><a href=\"https:\/\/www.futboltotal.com.mx\/2017\/08\/atlas-festeja-de-forma-sencilla-101-anios-vida\/\" target=\"_blank\" rel=\"noopener noreferrer\"><span style=\"color: #333399;\"><strong>Atlas<\/strong><\/span><\/a> se encuentra de un reemplazo para <a href=\"https:\/\/www.futboltotal.com.mx\/2017\/08\/atlas-pierde-a-clifford-aboagye-por-cuatro-meses\/\" target=\"_blank\" rel=\"noopener noreferrer\"><span style=\"color: #333399;\"><strong>Clifford Aboagye<\/strong><\/span><\/a>, jugador que se perder\u00e1 lo que resta del torneo debido a una lesi\u00f3n, y para ello han volteado a ver a <strong>Europa<\/strong>.<\/p>\n<p style=\"text-align: center;\"><a href=\"https:\/\/www.futboltotal.com.mx\/2017\/08\/totti-no-pierde-toque-y-sorprende-con-tremendo-pase-alta-mar\/\" target=\"_blank\" rel=\"noopener noreferrer\"><span style=\"color: #333399;\">VER M\u00c1S:\u00a0Totti no pierde el toque y sorprende con tremendo pase en alta mar<\/span><\/a><\/p>\n<p>Los <em>Rojinegros<\/em> han puesto sus ojos sobre <strong>Danilo Barbosa<\/strong>, quien milita en el <span style=\"color: #333399;\"><a style=\"color: #333399;\" href=\"https:\/\/www.futboltotal.com.mx\/2015\/10\/porto-deja-escapar-el-liderato-ante-braga\/\" target=\"_blank\" rel=\"noopener noreferrer\"><strong>Club Braga<\/strong><\/a><\/span> y ser\u00eda una de las opciones para suplir la baja del jugador ghan\u00e9s.<\/p>\n<p style=\"text-align: center;\"><a href=\"https:\/\/www.futboltotal.com.mx\/2017\/08\/galaxy-los-dos-santos-valioso-la-mls\/\" target=\"_blank\" rel=\"noopener noreferrer\"><span style=\"color: #333399;\">VER M\u00c1S:\u00a0Galaxy de los Dos Santos, el m\u00e1s valioso de la MLS<\/span><\/a><\/p>\n<p>&#8220;El Profe est\u00e1 tranquilo con lo que tiene. Hemos visto var\u00edas opciones, Severiano y Alberto trabajan en eso. Seguimos en la b\u00fasqueda, pero no se ha encontrado que los candidatos encajen con lo que busca el Profe, Hace un rato que salimos de la Madriguera nos comentaron que hab\u00eda alguien interesante, pero veremos&#8221;, declar\u00f3 <strong>Gustavo Guzm\u00e1n<\/strong>, vicepresidente de los <em>Rojinegros<\/em>.<\/p>\n","protected":false},"excerpt":{"rendered":"<p>Atlas busca en el mercado europeo al sustituto de Aboagye<\/p>\n","protected":false},"author":20,"featured_media":494357,"comment_status":"closed","ping_status":"closed","sticky":false,"template":"","format":"standard","meta":[],"categories":[3839,2198,3845],"tags":[5961,9781,7927,9780],"_links":{"self":[{"href":"http:\/\/desarrollo.grupomedios.com\/futbol\/wp-json\/wp\/v2\/posts\/494348"}],"collection":[{"href":"http:\/\/desarrollo.grupomedios.com\/futbol\/wp-json\/wp\/v2\/posts"}],"about":[{"href":"http:\/\/desarrollo.grupomedios.com\/futbol\/wp-json\/wp\/v2\/types\/post"}],"author":[{"embeddable":true,"href":"http:\/\/desarrollo.grupomedios.com\/futbol\/wp-json\/wp\/v2\/users\/20"}],"replies":[{"embeddable":true,"href":"http:\/\/desarrollo.grupomedios.com\/futbol\/wp-json\/wp\/v2\/comments?post=494348"}],"version-history":[{"count":1,"href":"http:\/\/desarrollo.grupomedios.com\/futbol\/wp-json\/wp\/v2\/posts\/494348\/revisions"}],"predecessor-version":[{"id":494353,"href":"http:\/\/desarrollo.grupomedios.com\/futbol\/wp-json\/wp\/v2\/posts\/494348\/revisions\/494353"}],"wp:featuredmedia":[{"embeddable":true,"href":"http:\/\/desarrollo.grupomedios.com\/futbol\/wp-json\/wp\/v2\/media\/494357"}],"wp:attachment":[{"href":"http:\/\/desarrollo.grupomedios.com\/futbol\/wp-json\/wp\/v2\/media?parent=494348"}],"wp:term":[{"taxonomy":"category","embeddable":true,"href":"http:\/\/desarrollo.grupomedios.com\/futbol\/wp-json\/wp\/v2\/categories?post=494348"},{"taxonomy":"post_tag","embeddable":true,"href":"http:\/\/desarrollo.grupomedios.com\/futbol\/wp-json\/wp\/v2\/tags?post=494348"}],"curies":[{"name":"wp","href":"https:\/\/api.w.org\/{rel}","templated":true}]}}