{"id":494384,"date":"2017-08-16T20:48:20","date_gmt":"2017-08-17T01:48:20","guid":{"rendered":"https:\/\/www.futboltotal.com.mx\/?p=494384"},"modified":"2017-08-16T20:48:20","modified_gmt":"2017-08-17T01:48:20","slug":"cronica-resultado-necaxa-4-0-mineros-copa-mx","status":"publish","type":"post","link":"http:\/\/desarrollo.grupomedios.com\/futbol\/destacado-home\/cronica-resultado-necaxa-4-0-mineros-copa-mx\/2017\/08","title":{"rendered":"Necaxa tuvo mayor contundencia y liquid\u00f3 a Mineros"},"content":{"rendered":"<p>Este mi\u00e9rcoles se llev\u00f3 a cabo el encuentro de la <strong>Jornada 4<\/strong> de la <strong>Copa MX<\/strong>, entre <strong>Necaxa<\/strong> y <strong>Mineros<\/strong> por el <strong>Grupo 9<\/strong>, en el que los<em> Hidrorayos<\/em> hicieron valer su condici\u00f3n de local y se impusieron a los zacatecanos por marcador de 4-0.<\/p>\n<p style=\"text-align: center;\"><a href=\"https:\/\/www.futboltotal.com.mx\/2017\/08\/psg-se-burla-barcelona-redes-sociales\/\" target=\"_blank\" rel=\"noopener noreferrer\"><span style=\"color: #333399;\">VER M\u00c1S:\u00a0PSG se burla de la derrota del Barcelona en redes sociales<\/span><\/a><\/p>\n<p>La primera mitad estuvo bastante entretenida, con muchas llegadas a ambos marcos, pero <strong>Necaxa<\/strong> tuvo mejor precisi\u00f3n y al minuto 3&#8242; abri\u00f3 el marcador por conducto de <strong>Barrag\u00e1n<\/strong>, quien volvi\u00f3 a hacerse presente en la pizarra al 8&#8242;, tras un penal discutible, que el jugador termin\u00f3 enviando al fondo de la red; sin embargo, <strong>Mineros<\/strong> no baj\u00f3 los brazos pero no cont\u00f3 con la punter\u00eda necesaria y al 22&#8242; <strong>Nurse<\/strong> fall\u00f3 una pena m\u00e1xima y el primer tiempo se fue al descanso con ventaja parcial de 2-0 para los necaxistas.<\/p>\n<p>&nbsp;<\/p>\n<blockquote class=\"twitter-video\" data-lang=\"es\">\n<p dir=\"ltr\" lang=\"und\"><a href=\"https:\/\/twitter.com\/hashtag\/NoTeLoPierdas?src=hash\">#NoTeLoPierdas<\/a><br \/>\nG\u26bd\u26bd\u26bdL de Mart\u00edn Barrag\u00e1n<a href=\"https:\/\/twitter.com\/ClubNecaxa\">@ClubNecaxa<\/a> 1-0 <a href=\"https:\/\/twitter.com\/MinerosFc\">@MinerosFc<\/a><a href=\"https:\/\/twitter.com\/hashtag\/Jornada4?src=hash\">#Jornada4<\/a> <a href=\"https:\/\/twitter.com\/hashtag\/CopaCoronaMX?src=hash\">#CopaCoronaMX<\/a> &#x1f3c6;<br \/>\n\u26bd <a href=\"https:\/\/twitter.com\/hashtag\/SienteTuLiga?src=hash\">#SienteTuLiga<\/a> \u26bd <a href=\"https:\/\/twitter.com\/hashtag\/Mi%C3%A9rcolesDeFut?src=hash\">#Mi\u00e9rcolesDeFut<\/a> <a href=\"https:\/\/t.co\/4ecMW5sip9\">pic.twitter.com\/4ecMW5sip9<\/a><\/p>\n<p>\u2014 #CopaCoronaMX (@CopaCoronaMx) <a href=\"https:\/\/twitter.com\/CopaCoronaMx\/status\/897973353390239746\">17 de agosto de 2017<\/a><\/p><\/blockquote>\n<p><script async src=\"\/\/platform.twitter.com\/widgets.js\" charset=\"utf-8\"><\/script><\/p>\n<p>&nbsp;<\/p>\n<blockquote class=\"twitter-video\" data-lang=\"es\">\n<p dir=\"ltr\" lang=\"es\"><a href=\"https:\/\/twitter.com\/hashtag\/NoTeLoPierdas?src=hash\">#NoTeLoPierdas<\/a><br \/>\n2do G\u26bd\u26bd\u26bdL de Mart\u00edn Barrag\u00e1n<a href=\"https:\/\/twitter.com\/ClubNecaxa\">@ClubNecaxa<\/a> 2-0 <a href=\"https:\/\/twitter.com\/MinerosFc\">@MinerosFc<\/a><a href=\"https:\/\/twitter.com\/hashtag\/Jornada4?src=hash\">#Jornada4<\/a> <a href=\"https:\/\/twitter.com\/hashtag\/CopaCoronaMX?src=hash\">#CopaCoronaMX<\/a> &#x1f3c6;<br \/>\n\u26bd <a href=\"https:\/\/twitter.com\/hashtag\/SienteTuLiga?src=hash\">#SienteTuLiga<\/a> \u26bd <a href=\"https:\/\/twitter.com\/hashtag\/Mi%C3%A9rcolesDeFut?src=hash\">#Mi\u00e9rcolesDeFut<\/a> <a href=\"https:\/\/t.co\/dY6rFqgBr4\">pic.twitter.com\/dY6rFqgBr4<\/a><\/p>\n<p>\u2014 #CopaCoronaMX (@CopaCoronaMx) <a href=\"https:\/\/twitter.com\/CopaCoronaMx\/status\/897974958764281860\">17 de agosto de 2017<\/a><\/p><\/blockquote>\n<p><script async src=\"\/\/platform.twitter.com\/widgets.js\" charset=\"utf-8\"><\/script><\/p>\n<p style=\"text-align: center;\"><a href=\"https:\/\/www.futboltotal.com.mx\/2017\/08\/hijo-simeone-jugara-mitico-italia\/\" target=\"_blank\" rel=\"noopener noreferrer\"><span style=\"color: #333399;\">VER M\u00c1S:\u00a0Hijo de Simeone jugar\u00e1 en un m\u00edtico de Italia<\/span><\/a><\/p>\n<p>En la segunda mitad, <strong>Mineros<\/strong> busc\u00f3 descontar la ventaja pero <strong>Nurse<\/strong> volvi\u00f3 a fallar frente a la meta necaxista; sin embargo, los necaxistas no bajaron las manos y marcaron al 65&#8242; <strong>D\u00e1vila<\/strong> marc\u00f3 el tercero y el cuarto cay\u00f3 por conducto de <strong>Dieter Villalpando<\/strong> al 75&#8242;, para decretar la victoria del conjunto guanajuatense.<\/p>\n<p>&nbsp;<\/p>\n<blockquote class=\"twitter-video\" data-lang=\"es\">\n<p dir=\"ltr\" lang=\"es\"><a href=\"https:\/\/twitter.com\/hashtag\/NoTeLoPierdas?src=hash\">#NoTeLoPierdas<\/a><br \/>\nG\u26bd\u26bd\u26bdL de V\u00edctor D\u00e1vila<a href=\"https:\/\/twitter.com\/ClubNecaxa\">@ClubNecaxa<\/a> 3-0 <a href=\"https:\/\/twitter.com\/MinerosFc\">@MinerosFc<\/a><a href=\"https:\/\/twitter.com\/hashtag\/Jornada4?src=hash\">#Jornada4<\/a> <a href=\"https:\/\/twitter.com\/hashtag\/CopaCoronaMX?src=hash\">#CopaCoronaMX<\/a> &#x1f3c6;<br \/>\n\u26bd <a href=\"https:\/\/twitter.com\/hashtag\/SienteTuLiga?src=hash\">#SienteTuLiga<\/a> \u26bd <a href=\"https:\/\/twitter.com\/hashtag\/Mi%C3%A9rcolesDeFut?src=hash\">#Mi\u00e9rcolesDeFut<\/a> <a href=\"https:\/\/t.co\/V317QMuDi0\">pic.twitter.com\/V317QMuDi0<\/a><\/p>\n<p>\u2014 #CopaCoronaMX (@CopaCoronaMx) <a href=\"https:\/\/twitter.com\/CopaCoronaMx\/status\/897994790855475201\">17 de agosto de 2017<\/a><\/p><\/blockquote>\n<p><script async src=\"\/\/platform.twitter.com\/widgets.js\" charset=\"utf-8\"><\/script><\/p>\n<p>&nbsp;<\/p>\n<blockquote class=\"twitter-video\" data-lang=\"es\">\n<p dir=\"ltr\" lang=\"es\"><a href=\"https:\/\/twitter.com\/hashtag\/NoTeLoPierdas?src=hash\">#NoTeLoPierdas<\/a><br \/>\nG\u26bdLAAAAAZO de Dieter Villalpando<a href=\"https:\/\/twitter.com\/ClubNecaxa\">@ClubNecaxa<\/a> 4-0 <a href=\"https:\/\/twitter.com\/MinerosFc\">@MinerosFc<\/a><a href=\"https:\/\/twitter.com\/hashtag\/Jornada4?src=hash\">#Jornada4<\/a> <a href=\"https:\/\/twitter.com\/hashtag\/CopaCoronaMX?src=hash\">#CopaCoronaMX<\/a> &#x1f3c6;<br \/>\n\u26bd <a href=\"https:\/\/twitter.com\/hashtag\/SienteTuLiga?src=hash\">#SienteTuLiga<\/a> \u26bd <a href=\"https:\/\/twitter.com\/hashtag\/Mi%C3%A9rcolesDeFut?src=hash\">#Mi\u00e9rcolesDeFut<\/a> <a href=\"https:\/\/t.co\/0e6RReCa3j\">pic.twitter.com\/0e6RReCa3j<\/a><\/p>\n<p>\u2014 #CopaCoronaMX (@CopaCoronaMx) <a href=\"https:\/\/twitter.com\/CopaCoronaMx\/status\/897996578488815617\">17 de agosto de 2017<\/a><\/p><\/blockquote>\n<p><script async src=\"\/\/platform.twitter.com\/widgets.js\" charset=\"utf-8\"><\/script><\/p>\n","protected":false},"excerpt":{"rendered":"<p>Los Hidrorayos fueron letales y vencieron en casa a Mineros<\/p>\n","protected":false},"author":20,"featured_media":494386,"comment_status":"closed","ping_status":"closed","sticky":false,"template":"","format":"standard","meta":[],"categories":[4247,5,2198],"tags":[285,9668,2578,613,261],"_links":{"self":[{"href":"http:\/\/desarrollo.grupomedios.com\/futbol\/wp-json\/wp\/v2\/posts\/494384"}],"collection":[{"href":"http:\/\/desarrollo.grupomedios.com\/futbol\/wp-json\/wp\/v2\/posts"}],"about":[{"href":"http:\/\/desarrollo.grupomedios.com\/futbol\/wp-json\/wp\/v2\/types\/post"}],"author":[{"embeddable":true,"href":"http:\/\/desarrollo.grupomedios.com\/futbol\/wp-json\/wp\/v2\/users\/20"}],"replies":[{"embeddable":true,"href":"http:\/\/desarrollo.grupomedios.com\/futbol\/wp-json\/wp\/v2\/comments?post=494384"}],"version-history":[{"count":3,"href":"http:\/\/desarrollo.grupomedios.com\/futbol\/wp-json\/wp\/v2\/posts\/494384\/revisions"}],"predecessor-version":[{"id":494398,"href":"http:\/\/desarrollo.grupomedios.com\/futbol\/wp-json\/wp\/v2\/posts\/494384\/revisions\/494398"}],"wp:featuredmedia":[{"embeddable":true,"href":"http:\/\/desarrollo.grupomedios.com\/futbol\/wp-json\/wp\/v2\/media\/494386"}],"wp:attachment":[{"href":"http:\/\/desarrollo.grupomedios.com\/futbol\/wp-json\/wp\/v2\/media?parent=494384"}],"wp:term":[{"taxonomy":"category","embeddable":true,"href":"http:\/\/desarrollo.grupomedios.com\/futbol\/wp-json\/wp\/v2\/categories?post=494384"},{"taxonomy":"post_tag","embeddable":true,"href":"http:\/\/desarrollo.grupomedios.com\/futbol\/wp-json\/wp\/v2\/tags?post=494384"}],"curies":[{"name":"wp","href":"https:\/\/api.w.org\/{rel}","templated":true}]}}