{"id":494409,"date":"2017-08-16T21:32:04","date_gmt":"2017-08-17T02:32:04","guid":{"rendered":"https:\/\/www.futboltotal.com.mx\/?p=494409"},"modified":"2017-08-16T21:32:04","modified_gmt":"2017-08-17T02:32:04","slug":"es-la-primera-vez-en-10-anios-que-han-sido-superiores-pique","status":"publish","type":"post","link":"http:\/\/desarrollo.grupomedios.com\/futbol\/futbol-internacional\/es-la-primera-vez-en-10-anios-que-han-sido-superiores-pique\/2017\/08","title":{"rendered":"&#8220;Es la primera vez en 10 a\u00f1os que han sido superiores&#8221;: Piqu\u00e9"},"content":{"rendered":"<p>El defensor del <strong><a href=\"https:\/\/www.futboltotal.com.mx\/2017\/08\/barcelona-humillado-en-la-cancha-y-en-los-memes\/\" target=\"_blank\" rel=\"noopener noreferrer\"><span style=\"color: #333399;\">FC Barcelona<\/span><\/a>, <a href=\"https:\/\/www.futboltotal.com.mx\/2017\/08\/pique-recibido-en-madrid-gritos-se-queda\/\" target=\"_blank\" rel=\"noopener noreferrer\"><span style=\"color: #333399;\">Gerard Piqu\u00e9<\/span><\/a><\/strong>, acept\u00f3 al t\u00e9rmino del encuentro en el que el conjunto cul\u00e9 perdi\u00f3 ante el <strong><a href=\"https:\/\/www.futboltotal.com.mx\/2017\/08\/resultado-real-madrid-2-0-barcelona-supercopa-espana-vuelta-cronica\/\" target=\"_blank\" rel=\"noopener noreferrer\"><span style=\"color: #333399;\">Real Madrid<\/span><\/a>\u00a0<\/strong>por la <strong>Supercopa de Espa\u00f1a<\/strong>, la superioridad del cuadro <em>Merengue<\/em> y aprovech\u00f3 para picarle el orgullo a los seguidores de la escuadra blanca.<\/p>\n<p style=\"text-align: center;\"><a href=\"https:\/\/www.futboltotal.com.mx\/2017\/08\/se-traba-negociacion-pumas-independiente-silva\/\" target=\"_blank\" rel=\"noopener noreferrer\"><span style=\"color: #333399;\">VER M\u00c1S:\u00a0Se traba la negociaci\u00f3n entre Pumas e Independiente por Silva<\/span><\/a><\/p>\n<blockquote><p>&#8220;Jugamos contra un grand\u00edsimo equipo y fueron superiores. Es la primera vez que vengo aqu\u00ed en nueve o diez a\u00f1os y han sido superiores a nosotros, as\u00ed que hay que aceptarlo, a convivir con la derrota, es bueno para empezar a levantarnos. No se puede ganar siempre, llevamos much\u00edsimos a\u00f1os ganando&#8221;.<\/p><\/blockquote>\n<p style=\"text-align: center;\"><a href=\"https:\/\/www.futboltotal.com.mx\/2017\/08\/resultado-cronica-leon-2-0-veracruz-copa-mx\/\" target=\"_blank\" rel=\"noopener noreferrer\"><span style=\"color: #333399;\">VER M\u00c1S:\u00a0Le\u00f3n fulmina en el primer tiempo a Veracruz<\/span><\/a><\/p>\n<p>Por \u00faltimo, declar\u00f3 que quiz\u00e1 esta haya sido una de las peores derrotas que ha vivido junto con la de<strong> Espa\u00f1a<\/strong> ante <strong>Holanda.\u00a0<\/strong><\/p>\n","protected":false},"excerpt":{"rendered":"<p>Piqu\u00e9 no se guard\u00f3 nada tras la humillante derrota ante el Real Madrid<\/p>\n","protected":false},"author":20,"featured_media":494410,"comment_status":"closed","ping_status":"closed","sticky":false,"template":"","format":"standard","meta":[],"categories":[3839,3844],"tags":[5984,6015,5988,299],"_links":{"self":[{"href":"http:\/\/desarrollo.grupomedios.com\/futbol\/wp-json\/wp\/v2\/posts\/494409"}],"collection":[{"href":"http:\/\/desarrollo.grupomedios.com\/futbol\/wp-json\/wp\/v2\/posts"}],"about":[{"href":"http:\/\/desarrollo.grupomedios.com\/futbol\/wp-json\/wp\/v2\/types\/post"}],"author":[{"embeddable":true,"href":"http:\/\/desarrollo.grupomedios.com\/futbol\/wp-json\/wp\/v2\/users\/20"}],"replies":[{"embeddable":true,"href":"http:\/\/desarrollo.grupomedios.com\/futbol\/wp-json\/wp\/v2\/comments?post=494409"}],"version-history":[{"count":1,"href":"http:\/\/desarrollo.grupomedios.com\/futbol\/wp-json\/wp\/v2\/posts\/494409\/revisions"}],"predecessor-version":[{"id":494411,"href":"http:\/\/desarrollo.grupomedios.com\/futbol\/wp-json\/wp\/v2\/posts\/494409\/revisions\/494411"}],"wp:featuredmedia":[{"embeddable":true,"href":"http:\/\/desarrollo.grupomedios.com\/futbol\/wp-json\/wp\/v2\/media\/494410"}],"wp:attachment":[{"href":"http:\/\/desarrollo.grupomedios.com\/futbol\/wp-json\/wp\/v2\/media?parent=494409"}],"wp:term":[{"taxonomy":"category","embeddable":true,"href":"http:\/\/desarrollo.grupomedios.com\/futbol\/wp-json\/wp\/v2\/categories?post=494409"},{"taxonomy":"post_tag","embeddable":true,"href":"http:\/\/desarrollo.grupomedios.com\/futbol\/wp-json\/wp\/v2\/tags?post=494409"}],"curies":[{"name":"wp","href":"https:\/\/api.w.org\/{rel}","templated":true}]}}