{"id":494425,"date":"2017-08-16T22:45:35","date_gmt":"2017-08-17T03:45:35","guid":{"rendered":"https:\/\/www.futboltotal.com.mx\/?p=494425"},"modified":"2017-08-16T22:45:35","modified_gmt":"2017-08-17T03:45:35","slug":"memes-america-potros-copa-mx","status":"publish","type":"post","link":"http:\/\/desarrollo.grupomedios.com\/futbol\/galerias\/memes-america-potros-copa-mx\/2017\/08","title":{"rendered":"Am\u00e9rica resurge y los Potros la cruzazulearon"},"content":{"rendered":"<p>Las <em>\u00c1guilas<\/em> del <strong>Am\u00e9rica<\/strong> tuvieron una remontada de antolog\u00eda, ya que remontaron un 0-2 adverso a los <em>Potros<\/em> de la UAEM, y consiguieron imponerse 3-2 para sacar el triunfo de \u00faltimo minuto.<\/p>\n<p>Los aficionados celebraron el triunfo de los americanistas en las redes sociales, y\u00a0de paso aludieron a&#8230; \u00bf<em>La M\u00e1quina<\/em>?<\/p>\n<p>S\u00ed, los Potros la cruzazulearon y eso no lo pasaron por desapercibido los aficionados en las redes sociales.<\/p>\n<div id=\"galleryDOs\" style=\"display:none;\"><img alt=\"\" src=\"http:\/\/desarrollo.grupomedios.com\/futbol\/wp-content\/uploads\/2017\/08\/meme-1-ame-2.jpg\" data-image=\"http:\/\/desarrollo.grupomedios.com\/futbol\/wp-content\/uploads\/2017\/08\/meme-1-ame-2.jpg\" data-description=\"meme-1-ame\"><img alt=\"\" src=\"http:\/\/desarrollo.grupomedios.com\/futbol\/wp-content\/uploads\/2017\/08\/meme-2-ame-2.jpg\" data-image=\"http:\/\/desarrollo.grupomedios.com\/futbol\/wp-content\/uploads\/2017\/08\/meme-2-ame-2.jpg\" data-description=\"meme-2-ame\"><img alt=\"\" src=\"http:\/\/desarrollo.grupomedios.com\/futbol\/wp-content\/uploads\/2017\/08\/meme-3-ame-2.jpg\" data-image=\"http:\/\/desarrollo.grupomedios.com\/futbol\/wp-content\/uploads\/2017\/08\/meme-3-ame-2.jpg\" data-description=\"meme-3-ame\"><img alt=\"\" src=\"http:\/\/desarrollo.grupomedios.com\/futbol\/wp-content\/uploads\/2017\/08\/meme-5-ame-2.jpg\" data-image=\"http:\/\/desarrollo.grupomedios.com\/futbol\/wp-content\/uploads\/2017\/08\/meme-5-ame-2.jpg\" data-description=\"meme-5-ame\"><img alt=\"\" src=\"http:\/\/desarrollo.grupomedios.com\/futbol\/wp-content\/uploads\/2017\/08\/meme-6-ame-2.jpg\" data-image=\"http:\/\/desarrollo.grupomedios.com\/futbol\/wp-content\/uploads\/2017\/08\/meme-6-ame-2.jpg\" data-description=\"meme-6-ame\"><img alt=\"\" src=\"http:\/\/desarrollo.grupomedios.com\/futbol\/wp-content\/uploads\/2017\/08\/meme-4-ame-2.jpg\" data-image=\"http:\/\/desarrollo.grupomedios.com\/futbol\/wp-content\/uploads\/2017\/08\/meme-4-ame-2.jpg\" data-description=\"meme-4-ame\"><img alt=\"\" src=\"http:\/\/desarrollo.grupomedios.com\/futbol\/wp-content\/uploads\/2017\/08\/meme-7-ame-2.jpg\" data-image=\"http:\/\/desarrollo.grupomedios.com\/futbol\/wp-content\/uploads\/2017\/08\/meme-7-ame-2.jpg\" data-description=\"meme-7-ame\"><\/div>\n        <script>\n        \/\/galeria 1\n        jQuery(document).ready(function(){ \n            var api;\n            api = jQuery(\"#galleryDOs\").unitegallery({\n                carousel_autoplay: false\n            }); \n        });\n        <\/script>\n        \n<p>&nbsp;<\/p>\n<p>&nbsp;<\/p>\n","protected":false},"excerpt":{"rendered":"<p>Las \u00c1guilas del Am\u00e9rica rescataron un resultado que parec\u00eda imposible<\/p>\n","protected":false},"author":20,"featured_media":494426,"comment_status":"closed","ping_status":"closed","sticky":false,"template":"","format":"standard","meta":[],"categories":[4247,7570,2198,3,6409],"tags":[5959,285,476],"_links":{"self":[{"href":"http:\/\/desarrollo.grupomedios.com\/futbol\/wp-json\/wp\/v2\/posts\/494425"}],"collection":[{"href":"http:\/\/desarrollo.grupomedios.com\/futbol\/wp-json\/wp\/v2\/posts"}],"about":[{"href":"http:\/\/desarrollo.grupomedios.com\/futbol\/wp-json\/wp\/v2\/types\/post"}],"author":[{"embeddable":true,"href":"http:\/\/desarrollo.grupomedios.com\/futbol\/wp-json\/wp\/v2\/users\/20"}],"replies":[{"embeddable":true,"href":"http:\/\/desarrollo.grupomedios.com\/futbol\/wp-json\/wp\/v2\/comments?post=494425"}],"version-history":[{"count":1,"href":"http:\/\/desarrollo.grupomedios.com\/futbol\/wp-json\/wp\/v2\/posts\/494425\/revisions"}],"predecessor-version":[{"id":494434,"href":"http:\/\/desarrollo.grupomedios.com\/futbol\/wp-json\/wp\/v2\/posts\/494425\/revisions\/494434"}],"wp:featuredmedia":[{"embeddable":true,"href":"http:\/\/desarrollo.grupomedios.com\/futbol\/wp-json\/wp\/v2\/media\/494426"}],"wp:attachment":[{"href":"http:\/\/desarrollo.grupomedios.com\/futbol\/wp-json\/wp\/v2\/media?parent=494425"}],"wp:term":[{"taxonomy":"category","embeddable":true,"href":"http:\/\/desarrollo.grupomedios.com\/futbol\/wp-json\/wp\/v2\/categories?post=494425"},{"taxonomy":"post_tag","embeddable":true,"href":"http:\/\/desarrollo.grupomedios.com\/futbol\/wp-json\/wp\/v2\/tags?post=494425"}],"curies":[{"name":"wp","href":"https:\/\/api.w.org\/{rel}","templated":true}]}}