{"id":494439,"date":"2017-08-17T08:54:10","date_gmt":"2017-08-17T13:54:10","guid":{"rendered":"https:\/\/www.futboltotal.com.mx\/?p=494439"},"modified":"2017-08-17T08:54:10","modified_gmt":"2017-08-17T13:54:10","slug":"jair-pereira-se-calienta-en-entrenamiento-canterano","status":"publish","type":"post","link":"http:\/\/desarrollo.grupomedios.com\/futbol\/futbol-mexicano\/jair-pereira-se-calienta-en-entrenamiento-canterano\/2017\/08","title":{"rendered":"Jair Pereira se calienta en entrenamiento con canterano"},"content":{"rendered":"<p><strong>Jair Pereira<\/strong> se molest\u00f3 con uno de los canteranos de <strong>Chivas<\/strong> en el entrenamiento y fue captado por las c\u00e1maras.<\/p>\n<p>El joven futbolista del <strong>Reba\u00f1o<\/strong> le hizo un t\u00fanel al experimentado defensa central, que despu\u00e9s de la acci\u00f3n sufrida, se llev\u00f3 un balonazo y un zape por parte de Pereira.<\/p>\n<blockquote class=\"twitter-video\" data-lang=\"es\">\n<p dir=\"ltr\" lang=\"es\">JP4 se calent\u00f3 con un canterano que le hizo un t\u00fanel, &#8220;Chapito&#8221; tuvo que calmarlo. Aqu\u00ed el v\u00eddeo. <a href=\"https:\/\/t.co\/IPAfINV7d3\">pic.twitter.com\/IPAfINV7d3<\/a><\/p>\n<p>\u2014 L\u00edderes del Reba\u00f1o (@lideresrebano) <a href=\"https:\/\/twitter.com\/lideresrebano\/status\/897939963710509056\">16 de agosto de 2017<\/a><\/p><\/blockquote>\n<p><script async src=\"\/\/platform.twitter.com\/widgets.js\" charset=\"utf-8\"><\/script><\/p>\n<p style=\"text-align: center;\"><span style=\"color: #333399;\"><a style=\"color: #333399;\" href=\"https:\/\/www.futboltotal.com.mx\/2017\/08\/psg-se-burla-barcelona-redes-sociales\/\" target=\"_blank\" rel=\"noopener noreferrer\">VER M\u00c1S: PSG manda indirecta al Barcelona durante Supercopa<\/a><\/span><\/p>\n<p>El cuadro de Chivas no inici\u00f3 bien el torneo en defensa de su corona, pues lleva tres puntos, despu\u00e9s de tres empates y una derrota.<\/p>\n<p>Aunado a ello, esta la suspensi\u00f3n de dos partidos que se gan\u00f3<strong> Mat\u00edas Almeyda<\/strong> en el encuentro ante <strong>Monterrey<\/strong> que perdieron por goleada.<\/p>\n<p style=\"text-align: center;\"><span style=\"color: #333399;\"><a style=\"color: #333399;\" href=\"https:\/\/www.futboltotal.com.mx\/2017\/08\/atlas-echa-ojo-jugador-braga-para-suplir-clifford\/\" target=\"_blank\" rel=\"noopener noreferrer\">VER M\u00c1S: Atlas planea reforzarse con futbolista del Braga<\/a><\/span><\/p>\n","protected":false},"excerpt":{"rendered":"<p>El defensa central de Chivas no tom\u00f3 a bien la jugada del joven jugador<\/p>\n","protected":false},"author":20,"featured_media":432873,"comment_status":"closed","ping_status":"closed","sticky":false,"template":"","format":"standard","meta":[],"categories":[2198,3845],"tags":[8357,70,955,64],"_links":{"self":[{"href":"http:\/\/desarrollo.grupomedios.com\/futbol\/wp-json\/wp\/v2\/posts\/494439"}],"collection":[{"href":"http:\/\/desarrollo.grupomedios.com\/futbol\/wp-json\/wp\/v2\/posts"}],"about":[{"href":"http:\/\/desarrollo.grupomedios.com\/futbol\/wp-json\/wp\/v2\/types\/post"}],"author":[{"embeddable":true,"href":"http:\/\/desarrollo.grupomedios.com\/futbol\/wp-json\/wp\/v2\/users\/20"}],"replies":[{"embeddable":true,"href":"http:\/\/desarrollo.grupomedios.com\/futbol\/wp-json\/wp\/v2\/comments?post=494439"}],"version-history":[{"count":1,"href":"http:\/\/desarrollo.grupomedios.com\/futbol\/wp-json\/wp\/v2\/posts\/494439\/revisions"}],"predecessor-version":[{"id":494443,"href":"http:\/\/desarrollo.grupomedios.com\/futbol\/wp-json\/wp\/v2\/posts\/494439\/revisions\/494443"}],"wp:featuredmedia":[{"embeddable":true,"href":"http:\/\/desarrollo.grupomedios.com\/futbol\/wp-json\/wp\/v2\/media\/432873"}],"wp:attachment":[{"href":"http:\/\/desarrollo.grupomedios.com\/futbol\/wp-json\/wp\/v2\/media?parent=494439"}],"wp:term":[{"taxonomy":"category","embeddable":true,"href":"http:\/\/desarrollo.grupomedios.com\/futbol\/wp-json\/wp\/v2\/categories?post=494439"},{"taxonomy":"post_tag","embeddable":true,"href":"http:\/\/desarrollo.grupomedios.com\/futbol\/wp-json\/wp\/v2\/tags?post=494439"}],"curies":[{"name":"wp","href":"https:\/\/api.w.org\/{rel}","templated":true}]}}