{"id":494444,"date":"2017-08-17T09:10:28","date_gmt":"2017-08-17T14:10:28","guid":{"rendered":"https:\/\/www.futboltotal.com.mx\/?p=494444"},"modified":"2017-08-17T09:10:57","modified_gmt":"2017-08-17T14:10:57","slug":"luis-suarez-se-lesiona-estara-ante-argentina-paraguay","status":"publish","type":"post","link":"http:\/\/desarrollo.grupomedios.com\/futbol\/futbol-internacional\/luis-suarez-se-lesiona-estara-ante-argentina-paraguay\/2017\/08","title":{"rendered":"Luis Su\u00e1rez se lesiona y no estar\u00e1 ante Argentina y Paraguay"},"content":{"rendered":"<p>El delantero uruguayo <strong>Luis Su\u00e1rez<\/strong> no podr\u00e1 disputar con su selecci\u00f3n los dos pr\u00f3ximos partidos de las<strong> eliminatorias mundialistas<\/strong>, ante <strong>Argentina<\/strong> y <strong>Paraguay<\/strong>, debido a una lesi\u00f3n en la rodilla derecha, inform\u00f3 este jueves la <strong>Asociaci\u00f3n Uruguaya de F\u00fatbol<\/strong> (AUF).<\/p>\n<blockquote><p>&#8220;En competencia oficial con el Barcelona, Su\u00e1rez sufri\u00f3 un traumatismo de su rodilla derecha resultando con una rotura parcial de c\u00e1psula posterior que lo inhabilita para la participaci\u00f3n en los partidos ante Argentina y Paraguay por las eliminatorias&#8221; de clasificaci\u00f3n a <strong>Rusia 2018<\/strong>, indic\u00f3 la AUF en un comunicado.<\/p><\/blockquote>\n<p style=\"text-align: center;\"><span style=\"color: #333399;\"><a style=\"color: #333399;\" href=\"https:\/\/www.futboltotal.com.mx\/2017\/08\/psg-se-burla-barcelona-redes-sociales\/\" target=\"_blank\" rel=\"noopener noreferrer\">VER M\u00c1S: PSG manda mensaje a Barcelona en plena Supercopa de Espa\u00f1a<\/a><\/span><\/p>\n<p>El tiempo estimado por la sanidad del Barcelona para su rehabilitaci\u00f3n es &#8220;de cuatro a cinco semanas&#8221;, detalla el escrito de la AUF sobre Su\u00e1rez, que no podr\u00e1 estar a las \u00f3rdenes de <strong>Ernesto Valverde<\/strong> en el inicio de la temporada liguera espa\u00f1ola.<\/p>\n<p>La lesi\u00f3n de Su\u00e1rez se produjo durante la disputa este mi\u00e9rcoles del partido de vuelta de la<strong> Supercopa de Espa\u00f1a<\/strong> ante el <strong>Real Madrid.<\/strong><\/p>\n<p>Uruguay jugar\u00e1 el pr\u00f3ximo 31 de agosto en Montevideo ante Argentina por la decimoquinta jornada de las eliminatorias mundialistas y se medir\u00e1 el siguiente 5 de septiembre a Paraguay en Asunci\u00f3n por la siguiente fecha de esa competici\u00f3n.<\/p>\n<p style=\"text-align: center;\"><span style=\"color: #333399;\"><a style=\"color: #333399;\" href=\"https:\/\/www.futboltotal.com.mx\/2017\/08\/atlas-echa-ojo-jugador-braga-para-suplir-clifford\/\" target=\"_blank\" rel=\"noopener noreferrer\">VER M\u00c1S: Jugador del Braga podr\u00eda llegar al Atlas<\/a><\/span><\/p>\n","protected":false},"excerpt":{"rendered":"<p>El delantero se perder\u00e1 el inicio de Liga con Barcelona<\/p>\n","protected":false},"author":144,"featured_media":406498,"comment_status":"closed","ping_status":"closed","sticky":false,"template":"","format":"standard","meta":[],"categories":[3839],"tags":[5996,1392,6016,664,2232,503],"_links":{"self":[{"href":"http:\/\/desarrollo.grupomedios.com\/futbol\/wp-json\/wp\/v2\/posts\/494444"}],"collection":[{"href":"http:\/\/desarrollo.grupomedios.com\/futbol\/wp-json\/wp\/v2\/posts"}],"about":[{"href":"http:\/\/desarrollo.grupomedios.com\/futbol\/wp-json\/wp\/v2\/types\/post"}],"author":[{"embeddable":true,"href":"http:\/\/desarrollo.grupomedios.com\/futbol\/wp-json\/wp\/v2\/users\/144"}],"replies":[{"embeddable":true,"href":"http:\/\/desarrollo.grupomedios.com\/futbol\/wp-json\/wp\/v2\/comments?post=494444"}],"version-history":[{"count":1,"href":"http:\/\/desarrollo.grupomedios.com\/futbol\/wp-json\/wp\/v2\/posts\/494444\/revisions"}],"predecessor-version":[{"id":494448,"href":"http:\/\/desarrollo.grupomedios.com\/futbol\/wp-json\/wp\/v2\/posts\/494444\/revisions\/494448"}],"wp:featuredmedia":[{"embeddable":true,"href":"http:\/\/desarrollo.grupomedios.com\/futbol\/wp-json\/wp\/v2\/media\/406498"}],"wp:attachment":[{"href":"http:\/\/desarrollo.grupomedios.com\/futbol\/wp-json\/wp\/v2\/media?parent=494444"}],"wp:term":[{"taxonomy":"category","embeddable":true,"href":"http:\/\/desarrollo.grupomedios.com\/futbol\/wp-json\/wp\/v2\/categories?post=494444"},{"taxonomy":"post_tag","embeddable":true,"href":"http:\/\/desarrollo.grupomedios.com\/futbol\/wp-json\/wp\/v2\/tags?post=494444"}],"curies":[{"name":"wp","href":"https:\/\/api.w.org\/{rel}","templated":true}]}}