{"id":494488,"date":"2017-08-17T10:45:52","date_gmt":"2017-08-17T15:45:52","guid":{"rendered":"https:\/\/www.futboltotal.com.mx\/?p=494488"},"modified":"2017-08-17T10:45:52","modified_gmt":"2017-08-17T15:45:52","slug":"chileno-marcelo-diaz-esta-cerca-llegar-a-la-liga-mx","status":"publish","type":"post","link":"http:\/\/desarrollo.grupomedios.com\/futbol\/futbol-mexicano\/chileno-marcelo-diaz-esta-cerca-llegar-a-la-liga-mx\/2017\/08","title":{"rendered":"Chileno Marcelo D\u00edaz est\u00e1 cerca de llegar a la Liga MX"},"content":{"rendered":"<p>El <strong>Celta de Vigo<\/strong> anunci\u00f3 de manera oficial la salida del centrocampista <strong>Marcelo D\u00edaz<\/strong>, quien ya se despidi\u00f3 de los que fueron sus compa\u00f1eros durante su etapa en Bala\u00eddos<\/p>\n<p>&#8220;Marcelo D\u00edaz se desvincula del RC Celta tras el acuerdo alcanzado entre el futbolista chileno y el club vigu\u00e9s&#8221;, apunta la entidad que preside Carlos Mouri\u00f1o en su comunicado.<\/p>\n<p style=\"text-align: center;\"><a href=\"https:\/\/www.futboltotal.com.mx\/2017\/08\/tecatito-regresara-al-tri-eliminatoria-rumbo-a-rusia-2018\/\" target=\"_blank\" rel=\"noopener noreferrer\"><span style=\"color: #333399;\">VER M\u00c1S: Tecatito regresar\u00e1 al Tri para eliminatoria rumbo a Rusia 2018<\/span><\/a><\/p>\n<p>&nbsp;<\/p>\n<blockquote class=\"twitter-tweet\" data-lang=\"es\">\n<p dir=\"ltr\" lang=\"es\">Simplemente, much\u00edsimas gracias!!! <a href=\"https:\/\/twitter.com\/RCCelta\">@RCCelta<\/a> <a href=\"https:\/\/t.co\/ZsPRjBDWz5\">pic.twitter.com\/ZsPRjBDWz5<\/a><\/p>\n<p>\u2014 Marcelo Diaz (@CHELODIAZ_21) <a href=\"https:\/\/twitter.com\/CHELODIAZ_21\/status\/898161124524404737\">17 de agosto de 2017<\/a><\/p><\/blockquote>\n<p><script async src=\"\/\/platform.twitter.com\/widgets.js\" charset=\"utf-8\"><\/script><\/p>\n<p>Sin embargo, desde M\u00e9xico y Chile se habla de que el mediocampista est\u00e1 por arribar a la Liga MX, en donde desde hace meses se le ha vinculado con los equipos <strong>Am\u00e9rica<\/strong> y <strong>Tigres<\/strong>.<\/p>\n<p>Los medios chilenos incluso aseguran que ser\u00e1 el cuadro norte\u00f1o el nuevo hogar de D\u00edaz, quien en los pr\u00f3ximos d\u00edas ser\u00eda presentado como su \u00faltimo refuerzo.<\/p>\n<p><iframe loading=\"lazy\" src=\"https:\/\/www.youtube.com\/embed\/R8XPFEk8dm0\" frameborder=\"0\" allowfullscreen=\"allowfullscreen\"><\/iframe><\/p>\n<p>Lleg\u00f3 a Vigo en enero de 2016 procedente del Hamburgo alem\u00e1n para sustituir al argentino Augusto Fern\u00e1ndez, traspasado al Atl\u00e9tico de Madrid. A pesar de ser una petici\u00f3n de Berizzo nunca logr\u00f3 afianzarse en el equipo titular.<\/p>\n","protected":false},"excerpt":{"rendered":"<p>El mediocampista andino estar\u00eda por arribar al futbol mexicano.<\/p>\n","protected":false},"author":20,"featured_media":494490,"comment_status":"closed","ping_status":"closed","sticky":false,"template":"","format":"standard","meta":[],"categories":[7740,2198,3845],"tags":[5959,2407,9271,5973],"_links":{"self":[{"href":"http:\/\/desarrollo.grupomedios.com\/futbol\/wp-json\/wp\/v2\/posts\/494488"}],"collection":[{"href":"http:\/\/desarrollo.grupomedios.com\/futbol\/wp-json\/wp\/v2\/posts"}],"about":[{"href":"http:\/\/desarrollo.grupomedios.com\/futbol\/wp-json\/wp\/v2\/types\/post"}],"author":[{"embeddable":true,"href":"http:\/\/desarrollo.grupomedios.com\/futbol\/wp-json\/wp\/v2\/users\/20"}],"replies":[{"embeddable":true,"href":"http:\/\/desarrollo.grupomedios.com\/futbol\/wp-json\/wp\/v2\/comments?post=494488"}],"version-history":[{"count":1,"href":"http:\/\/desarrollo.grupomedios.com\/futbol\/wp-json\/wp\/v2\/posts\/494488\/revisions"}],"predecessor-version":[{"id":494493,"href":"http:\/\/desarrollo.grupomedios.com\/futbol\/wp-json\/wp\/v2\/posts\/494488\/revisions\/494493"}],"wp:featuredmedia":[{"embeddable":true,"href":"http:\/\/desarrollo.grupomedios.com\/futbol\/wp-json\/wp\/v2\/media\/494490"}],"wp:attachment":[{"href":"http:\/\/desarrollo.grupomedios.com\/futbol\/wp-json\/wp\/v2\/media?parent=494488"}],"wp:term":[{"taxonomy":"category","embeddable":true,"href":"http:\/\/desarrollo.grupomedios.com\/futbol\/wp-json\/wp\/v2\/categories?post=494488"},{"taxonomy":"post_tag","embeddable":true,"href":"http:\/\/desarrollo.grupomedios.com\/futbol\/wp-json\/wp\/v2\/tags?post=494488"}],"curies":[{"name":"wp","href":"https:\/\/api.w.org\/{rel}","templated":true}]}}