{"id":494514,"date":"2017-08-17T13:16:07","date_gmt":"2017-08-17T18:16:07","guid":{"rendered":"https:\/\/www.futboltotal.com.mx\/?p=494514"},"modified":"2017-08-17T13:16:07","modified_gmt":"2017-08-17T18:16:07","slug":"vestidor-pachuca-estaria-roto-por-culpa-de-jugador","status":"publish","type":"post","link":"http:\/\/desarrollo.grupomedios.com\/futbol\/destacado-home\/vestidor-pachuca-estaria-roto-por-culpa-de-jugador\/2017\/08","title":{"rendered":"El vestidor de Pachuca estar\u00eda roto por culpa de un jugador"},"content":{"rendered":"<p>Hace algunas semanas fue presentado con bombo y platillo el nuevo refuerzo de <strong><a href=\"https:\/\/www.futboltotal.com.mx\/2017\/08\/cronica-resultado-queretaro-0-1-pachuca-copa-mx\/\" target=\"_blank\" rel=\"noopener noreferrer\"><span style=\"color: #333399;\">Pachuca<\/span><\/a>, <a href=\"https:\/\/www.futboltotal.com.mx\/2017\/08\/pachuca-quiere-encontrar-al-doble-keisuke-honda\/\" target=\"_blank\" rel=\"noopener noreferrer\"><span style=\"color: #333399;\">Keisuke Honda<\/span><\/a><\/strong>, procedente del <a href=\"https:\/\/www.futboltotal.com.mx\/2017\/08\/carlos-bacca-deja-al-milan-vuelve-a-espana\/\" target=\"_blank\" rel=\"noopener noreferrer\"><span style=\"color: #333399;\"><strong>AC Milan<\/strong><\/span><\/a> de <strong>Italia<\/strong>, fichaje que fue catalogado como un &#8216;bombazo&#8217;.<\/p>\n<p>Sin embargo, la llegada del nip\u00f3n parece haber causado estragos en el equipo y en el vestidor, ya que <strong>Pachuca<\/strong> ha hilado tres derrotas consecutivas, aunque tuvo un ligero respiro imponi\u00e9ndose a <a href=\"https:\/\/www.futboltotal.com.mx\/2017\/08\/tigres-iria-jugador-del-alaves-espana\/\" target=\"_blank\" rel=\"noopener noreferrer\"><span style=\"color: #333399;\"><strong>Tigres<\/strong><\/span><\/a> en la jornada pasada.<\/p>\n<p style=\"text-align: center;\"><a href=\"https:\/\/www.futboltotal.com.mx\/2017\/08\/diego-reyes-muestra-apoyo-a-barcelona-tras-atentado\/\" target=\"_blank\" rel=\"noopener noreferrer\"><span style=\"color: #333399;\">VER M\u00c1S:\u00a0Diego Reyes muestra apoyo a Barcelona tras atentado<\/span><\/a><\/p>\n<p>Todo parece indicar que el vestidor del conjunto hildaguense est\u00e1 roto gracias al fichaje del jugador japon\u00e9s. Seg\u00fan informaci\u00f3n del AS M\u00e9xico, los jugadores de los <em>Tuzos<\/em> no est\u00e1n contentos con la llegada de <strong>Honda<\/strong>, debido al trato preferencial que le ha dado el club y el alto salario que percibe, por lo que ya le habr\u00edan hecho saber a la directiva su molestia.<\/p>\n<p>Quienes ya habr\u00edan levantado la voz son <a href=\"https:\/\/www.futboltotal.com.mx\/2017\/07\/conejo-perez-iguala-record-de-oswaldo-sanchez\/\" target=\"_blank\" rel=\"noopener noreferrer\"><span style=\"color: #333399;\"><strong>Oscar P\u00e9rez<\/strong><\/span><\/a>, <span style=\"color: #333399;\"><a style=\"color: #333399;\" href=\"https:\/\/www.futboltotal.com.mx\/2017\/05\/jonathan-urretaviscaya-a-un-paso-fichar-monterrey\/\" target=\"_blank\" rel=\"noopener noreferrer\"><strong>Jonathan Urretaviscaya<\/strong><\/a><\/span> y <span style=\"color: #333333;\"><strong>Franco Jara<\/strong><\/span>, quienes son referentes de la escuadra de la <em>Bella Airosa<\/em>. El trato preferencial con el japon\u00e9s es tan evidente, por principio de cuentas en cuestiones de salario, ya que el nip\u00f3n se embolsa al mes 3 millones de pesos, cifra que contrasta con el resto de la plantilla.<\/p>\n<p style=\"text-align: center;\"><a href=\"https:\/\/www.futboltotal.com.mx\/2017\/08\/gobierno-mexico-estaria-ayudando-a-rafa-marquez\/\" target=\"_blank\" rel=\"noopener noreferrer\"><span style=\"color: #333399;\">VER M\u00c1S:\u00a0Gobierno de M\u00e9xico estar\u00eda ayudando a Rafa M\u00e1rquez<\/span><\/a><\/p>\n<p>Es probable que Honda debute en la <strong>Jornada 7<\/strong> del <strong>Apertura 2017<\/strong> ante <a href=\"https:\/\/www.futboltotal.com.mx\/2017\/08\/jugadores-xolos-cerca-terminar-a-golpes\/\" target=\"_blank\" rel=\"noopener noreferrer\"><span style=\"color: #333399;\"><strong>Xolos de Tijuana<\/strong><\/span><\/a>, tras haber superado su lesi\u00f3n.<\/p>\n","protected":false},"excerpt":{"rendered":"<p>Los referentes de Pachuca ya habr\u00eda expuesto su malestar a la directiva<\/p>\n","protected":false},"author":20,"featured_media":494522,"comment_status":"closed","ping_status":"closed","sticky":false,"template":"","format":"standard","meta":[],"categories":[5,2198,3845],"tags":[8350,6092,976,5968],"_links":{"self":[{"href":"http:\/\/desarrollo.grupomedios.com\/futbol\/wp-json\/wp\/v2\/posts\/494514"}],"collection":[{"href":"http:\/\/desarrollo.grupomedios.com\/futbol\/wp-json\/wp\/v2\/posts"}],"about":[{"href":"http:\/\/desarrollo.grupomedios.com\/futbol\/wp-json\/wp\/v2\/types\/post"}],"author":[{"embeddable":true,"href":"http:\/\/desarrollo.grupomedios.com\/futbol\/wp-json\/wp\/v2\/users\/20"}],"replies":[{"embeddable":true,"href":"http:\/\/desarrollo.grupomedios.com\/futbol\/wp-json\/wp\/v2\/comments?post=494514"}],"version-history":[{"count":3,"href":"http:\/\/desarrollo.grupomedios.com\/futbol\/wp-json\/wp\/v2\/posts\/494514\/revisions"}],"predecessor-version":[{"id":494523,"href":"http:\/\/desarrollo.grupomedios.com\/futbol\/wp-json\/wp\/v2\/posts\/494514\/revisions\/494523"}],"wp:featuredmedia":[{"embeddable":true,"href":"http:\/\/desarrollo.grupomedios.com\/futbol\/wp-json\/wp\/v2\/media\/494522"}],"wp:attachment":[{"href":"http:\/\/desarrollo.grupomedios.com\/futbol\/wp-json\/wp\/v2\/media?parent=494514"}],"wp:term":[{"taxonomy":"category","embeddable":true,"href":"http:\/\/desarrollo.grupomedios.com\/futbol\/wp-json\/wp\/v2\/categories?post=494514"},{"taxonomy":"post_tag","embeddable":true,"href":"http:\/\/desarrollo.grupomedios.com\/futbol\/wp-json\/wp\/v2\/tags?post=494514"}],"curies":[{"name":"wp","href":"https:\/\/api.w.org\/{rel}","templated":true}]}}