{"id":494524,"date":"2017-08-17T13:33:53","date_gmt":"2017-08-17T18:33:53","guid":{"rendered":"https:\/\/www.futboltotal.com.mx\/?p=494524"},"modified":"2017-08-17T13:33:53","modified_gmt":"2017-08-17T18:33:53","slug":"mundo-del-deporte-se-une-tras-atentado-en-barcelona","status":"publish","type":"post","link":"http:\/\/desarrollo.grupomedios.com\/futbol\/futbol-internacional\/mundo-del-deporte-se-une-tras-atentado-en-barcelona\/2017\/08","title":{"rendered":"El mundo del deporte se une tras atentado en Barcelona"},"content":{"rendered":"<p><span id=\"ctl14_lblMostra\">El <strong>Real Madrid<\/strong>, el <strong>FC Barcelona<\/strong>, Fernando Alonso, Pau Gasol, Ona Carbonell y en general el mundo del deporte espa\u00f1ol se ha volcado en apoyo de las v\u00edctimas del atentado terrorista acaecido hoy en las ramblas de Barcelona.<\/p>\n<p>Tanto el FC Barcelona como el <strong>Espanyol<\/strong> se mostraron &#8220;consternados&#8221; en sus cuentas oficiales de Twitter tras conocer la noticia del atentado, que ha causado varios muertos y numerosos heridos.<\/p>\n<p>El Real Madrid lament\u00f3 en un comunicado el atentado terrorista que ha sufrido Barcelona, manifest\u00f3 su &#8220;profunda consternaci\u00f3n&#8221; y se solidariz\u00f3 con las v\u00edctimas y heridos en Las Ramblas.<\/span><\/p>\n<p style=\"text-align: center;\"><span id=\"ctl14_lblMostra\"><span style=\"color: #333399;\"><a style=\"color: #333399;\" href=\"https:\/\/www.futboltotal.com.mx\/2017\/08\/diego-reyes-muestra-apoyo-a-barcelona-tras-atentado\/\">VER M\u00c1S: <span class=\"item-title\">Diego Reyes muestra apoyo a Barcelona tras atentado<\/span><\/a><\/span><\/span><\/p>\n<p style=\"text-align: left;\"><span id=\"ctl14_lblMostra\">El portugu\u00e9s <strong>Cristiano Ronaldo<\/strong>, futbolista del Real Madrid, tambi\u00e9n utiliz\u00f3 su cuenta de Twitter para asegurar que estaba &#8220;consternado por las noticias que llegan de Barcelona&#8221;.<\/p>\n<p>Otro futbolista del Real Madrid que se siente &#8220;consternado&#8221; por lo ocurrido ha sido Dani Carvajal. Tambi\u00e9n el excapit\u00e1n del conjunto blanco, Iker Casillas, se sinti\u00f3 triste y mand\u00f3 &#8220;mucha fuerza a Barcelona&#8221;.<\/p>\n<p>Muchos clubes se unieron a este apoyo, como el Valencia, Levante o Getafe. Adem\u00e1s, la cuenta oficial de La Liga mand\u00f3 &#8220;todo su apoyo&#8221; a Barcelona.<\/span><\/p>\n<p style=\"text-align: center;\"><span id=\"ctl14_lblMostra\"><span style=\"color: #333399;\"><a style=\"color: #333399;\" href=\"https:\/\/www.futboltotal.com.mx\/2017\/08\/gobierno-mexico-estaria-ayudando-a-rafa-marquez\/\">VER M\u00c1S: <span class=\"item-title\">Gobierno de M\u00e9xico estar\u00eda ayudando a Rafa M\u00e1rquez<\/span><\/a><\/span><\/span><\/p>\n<p style=\"text-align: left;\"><span id=\"ctl14_lblMostra\">Los deportistas espa\u00f1oles tambi\u00e9n se sumaron a este apoyo. El piloto espa\u00f1ol de F\u00f3rmula uno Fernando Alonso se mostr\u00f3 triste por lo ocurrido en Barcelona: &#8220;Que tristeza todo lo que est\u00e1 ocurriendo en #Barcelona. Mi apoyo para las familias de las v\u00edctimas, heridos, en estos momentos duros. BASTA&#8221;.<\/p>\n<p>El catal\u00e1n Pau Gasol se mostr\u00f3 &#8220;destrozado por lo sucedido en Las Ramblas&#8221;.<\/p>\n<p>Ona Carbonell, nadadora espa\u00f1ola y capitana del equipo espa\u00f1ol de nataci\u00f3n sincronizada, quiso expresar su &#8220;solidaridad con las familias&#8221; a trav\u00e9s de su cuenta de Twitter tras el atentado ocurrido en su ciudad de nacimiento, Barcelona.<\/span><\/p>\n<p style=\"text-align: center;\"><span id=\"ctl14_lblMostra\"><a href=\"https:\/\/www.futboltotal.com.mx\/2017\/08\/neymar-nuevo-tridente-la-ncd-superara-a-la-msn\/\">VER M\u00c1S: <span class=\"item-title\">Neymar y su nuevo tridente, la NCD, \u00bfsuperar\u00e1 a la MSN?<\/span><\/a><\/span><\/p>\n<p style=\"text-align: left;\"><span id=\"ctl14_lblMostra\">El franc\u00e9s Samuel Umtiti fue el primer futbolista del FC Barcelona que se pronunci\u00f3 tras el atentado a trav\u00e9s de Twitter.<\/p>\n<p>El seleccionador espa\u00f1ol de f\u00fatbol, Julen Lopetegui, calific\u00f3 el atentado como &#8220;acto cobarde y cruel&#8221; y mand\u00f3 su &#8220;recuerdo y cari\u00f1o a todas las v\u00edctimas y sus familias&#8221;.<\/p>\n<p>Equipos de f\u00fatbol extranjeros, como el Par\u00eds Saint-Germ\u00e1in y el Manchester City, pusieron sus pensamientos en las v\u00edctimas de Barcelona a trav\u00e9s de su cuenta de Twitter. <\/span><\/p>\n<p>&nbsp;<\/p>\n","protected":false},"excerpt":{"rendered":"<p>Barcelona, Real Madrid, Cristiano, Nadal, Fernando Alonso y otros deportistas tuvieron palabras de aliento<\/p>\n","protected":false},"author":144,"featured_media":494527,"comment_status":"closed","ping_status":"closed","sticky":false,"template":"","format":"standard","meta":[],"categories":[3839,3844],"tags":[9790,5984,1496,6006,5988],"_links":{"self":[{"href":"http:\/\/desarrollo.grupomedios.com\/futbol\/wp-json\/wp\/v2\/posts\/494524"}],"collection":[{"href":"http:\/\/desarrollo.grupomedios.com\/futbol\/wp-json\/wp\/v2\/posts"}],"about":[{"href":"http:\/\/desarrollo.grupomedios.com\/futbol\/wp-json\/wp\/v2\/types\/post"}],"author":[{"embeddable":true,"href":"http:\/\/desarrollo.grupomedios.com\/futbol\/wp-json\/wp\/v2\/users\/144"}],"replies":[{"embeddable":true,"href":"http:\/\/desarrollo.grupomedios.com\/futbol\/wp-json\/wp\/v2\/comments?post=494524"}],"version-history":[{"count":1,"href":"http:\/\/desarrollo.grupomedios.com\/futbol\/wp-json\/wp\/v2\/posts\/494524\/revisions"}],"predecessor-version":[{"id":494528,"href":"http:\/\/desarrollo.grupomedios.com\/futbol\/wp-json\/wp\/v2\/posts\/494524\/revisions\/494528"}],"wp:featuredmedia":[{"embeddable":true,"href":"http:\/\/desarrollo.grupomedios.com\/futbol\/wp-json\/wp\/v2\/media\/494527"}],"wp:attachment":[{"href":"http:\/\/desarrollo.grupomedios.com\/futbol\/wp-json\/wp\/v2\/media?parent=494524"}],"wp:term":[{"taxonomy":"category","embeddable":true,"href":"http:\/\/desarrollo.grupomedios.com\/futbol\/wp-json\/wp\/v2\/categories?post=494524"},{"taxonomy":"post_tag","embeddable":true,"href":"http:\/\/desarrollo.grupomedios.com\/futbol\/wp-json\/wp\/v2\/tags?post=494524"}],"curies":[{"name":"wp","href":"https:\/\/api.w.org\/{rel}","templated":true}]}}