{"id":494558,"date":"2017-08-17T19:34:58","date_gmt":"2017-08-18T00:34:58","guid":{"rendered":"https:\/\/www.futboltotal.com.mx\/?p=494558"},"modified":"2017-08-17T19:34:58","modified_gmt":"2017-08-18T00:34:58","slug":"liga-mx-ascenso-guardaran-minuto-silencio-victimas-barcelona","status":"publish","type":"post","link":"http:\/\/desarrollo.grupomedios.com\/futbol\/destacado-home\/liga-mx-ascenso-guardaran-minuto-silencio-victimas-barcelona\/2017\/08","title":{"rendered":"Liga Mx y Ascenso guardar\u00e1n un minuto de silencio por v\u00edctimas de Barcelona"},"content":{"rendered":"<p>La<strong> Liga Mx<\/strong> dio a conocer que en todos los partidos de la Jornada 5 del <strong>Torneo Apertura 2017<\/strong>, se guardar\u00e1 un minuto de silencio en solidaridad con las v\u00edctimas del atentado en Barcelona.<\/p>\n<p>En un comunicado, la liga dio a conocer las siguientes indicaciones que se tendr\u00e1n en los partidos de esta jornada:<\/p>\n<p><span style=\"font-style: inherit; font-weight: inherit;\">&#8220;La Liga Mx informa que previo al inicio de los partidos de la Jornada 5 de la LIGA Bancomer MX y <strong>ASCENSO<\/strong> Bancomer MX, as\u00ed como de la Fecha 4 de la LIGA MX Femenil, se guardar\u00e1 un minuto de silencio en solidaridad con los afectados por el hecho ocurrido este jueves 17 de agosto en la ciudad de Barcelona, Espa\u00f1a&#8221;, inform\u00f3 en el escrito.<\/span><\/p>\n<p style=\"text-align: center;\"><span style=\"color: #333399;\"><a style=\"color: #333399;\" href=\"https:\/\/www.futboltotal.com.mx\/2017\/08\/atlas-femenil-tendra-transmision-tvc\/\">VER M\u00c1S:\u00a0<span class=\"item-title\">Atlas Femenil tendr\u00e1 transmisi\u00f3n por TVC<\/span><\/a><\/span><\/p>\n<p>Adem\u00e1s, se dio a conocer que &#8220;a<span style=\"font-style: inherit; font-weight: inherit;\">ntes del silbatazo inicial, los equipos acompa\u00f1ados por los \u00e1rbitros se reunir\u00e1n en el centro del campo para llevar a cabo el minuto de silencio. Al mismo tiempo se pedir\u00e1 a la afici\u00f3n que forme parte respetuosamente de este minuto en memoria de quienes resultaron afectados por los actos en Barcelona&#8221;.<\/span><\/p>\n<p><span style=\"font-style: inherit; font-weight: inherit;\">La LIGA MX\/ASCENSO MX rechaza la violencia y se une a la pena que embarga a la ciudad espa\u00f1ola y sus habitantes.<\/span><\/p>\n<p style=\"text-align: center;\">VER M\u00c1S:\u00a0<span class=\"item-title\">Oribe alaba al \u2018Piojo\u2019 y hace caso omiso a cr\u00edticas<\/span><\/p>\n","protected":false},"excerpt":{"rendered":"<p>En todos los partidos se reunir\u00e1n los jugadores al centro y guardar\u00e1n respetuosamente un minuto de silencio<\/p>\n","protected":false},"author":20,"featured_media":494559,"comment_status":"closed","ping_status":"closed","sticky":false,"template":"","format":"standard","meta":[],"categories":[5,2198,3845],"tags":[432,9790,5984,64],"_links":{"self":[{"href":"http:\/\/desarrollo.grupomedios.com\/futbol\/wp-json\/wp\/v2\/posts\/494558"}],"collection":[{"href":"http:\/\/desarrollo.grupomedios.com\/futbol\/wp-json\/wp\/v2\/posts"}],"about":[{"href":"http:\/\/desarrollo.grupomedios.com\/futbol\/wp-json\/wp\/v2\/types\/post"}],"author":[{"embeddable":true,"href":"http:\/\/desarrollo.grupomedios.com\/futbol\/wp-json\/wp\/v2\/users\/20"}],"replies":[{"embeddable":true,"href":"http:\/\/desarrollo.grupomedios.com\/futbol\/wp-json\/wp\/v2\/comments?post=494558"}],"version-history":[{"count":1,"href":"http:\/\/desarrollo.grupomedios.com\/futbol\/wp-json\/wp\/v2\/posts\/494558\/revisions"}],"predecessor-version":[{"id":494560,"href":"http:\/\/desarrollo.grupomedios.com\/futbol\/wp-json\/wp\/v2\/posts\/494558\/revisions\/494560"}],"wp:featuredmedia":[{"embeddable":true,"href":"http:\/\/desarrollo.grupomedios.com\/futbol\/wp-json\/wp\/v2\/media\/494559"}],"wp:attachment":[{"href":"http:\/\/desarrollo.grupomedios.com\/futbol\/wp-json\/wp\/v2\/media?parent=494558"}],"wp:term":[{"taxonomy":"category","embeddable":true,"href":"http:\/\/desarrollo.grupomedios.com\/futbol\/wp-json\/wp\/v2\/categories?post=494558"},{"taxonomy":"post_tag","embeddable":true,"href":"http:\/\/desarrollo.grupomedios.com\/futbol\/wp-json\/wp\/v2\/tags?post=494558"}],"curies":[{"name":"wp","href":"https:\/\/api.w.org\/{rel}","templated":true}]}}