{"id":494571,"date":"2017-08-17T20:23:13","date_gmt":"2017-08-18T01:23:13","guid":{"rendered":"https:\/\/www.futboltotal.com.mx\/?p=494571"},"modified":"2017-08-17T20:24:16","modified_gmt":"2017-08-18T01:24:16","slug":"gignac-despide-con-carino-a-aficionado-fallecido-de-tigres","status":"publish","type":"post","link":"http:\/\/desarrollo.grupomedios.com\/futbol\/destacado-home\/gignac-despide-con-carino-a-aficionado-fallecido-de-tigres\/2017\/08","title":{"rendered":"Gignac despide con cari\u00f1o a aficionado fallecido de Tigres"},"content":{"rendered":"<p>Andr\u00e9-Pierre Gignac despidi\u00f3 de forma muy cari\u00f1osa y respetuosa a un aficionado de los Tigres que falleci\u00f3 este jueves.<\/p>\n<p>El delantero franc\u00e9s public\u00f3 un mensaje en su cuenta de Instagram donde habl\u00f3 de su amigo Lalo Rivera, un chico enfermo que fue apoyado por Gignac.<\/p>\n<p>El &#8217;10&#8217; de los Tigres record\u00f3 a Rivera como un &#8220;tigre con mucho coraz\u00f3n&#8221;, y envi\u00f3 sus condolencias a la familia del aficionado fallecido este jueves.<\/p>\n<blockquote class=\"instagram-media\" style=\"background: #FFF; border: 0; border-radius: 3px; box-shadow: 0 0 1px 0 rgba(0,0,0,0.5),0 1px 10px 0 rgba(0,0,0,0.15); margin: 1px; max-width: 658px; padding: 0; width: calc(100% - 2px);\" data-instgrm-captioned=\"\" data-instgrm-version=\"7\">\n<div style=\"padding: 8px;\">\n<div style=\"background: #F8F8F8; line-height: 0; margin-top: 40px; padding: 50.0% 0; text-align: center; width: 100%;\"><\/div>\n<p style=\"margin: 8px 0 0 0; padding: 0 4px;\"><a style=\"color: #000; font-family: Arial,sans-serif; font-size: 14px; font-style: normal; font-weight: normal; line-height: 17px; text-decoration: none; word-wrap: break-word;\" href=\"https:\/\/www.instagram.com\/p\/BX6Um34H4D8\/\" target=\"_blank\" rel=\"noopener noreferrer\">Lalo Rivera era un Tigre apasionado y con mucho coraz\u00f3n. Estoy muy triste con su partida. Le env\u00edo a su familia, a su esposa y a sus hijos mis m\u00e1s sinceras condolencias. Estoy seguro que su ejemplo de lucha y de entrega, los guiar\u00e1 para convertirse en grandes personas. Hasta siempre Lalo &#x1f64f;&#x1f3fb;&#x1f64f;&#x1f3fb;&#x1f64f;&#x1f3fb; QEPD<\/a><\/p>\n<p style=\"color: #c9c8cd; font-family: Arial,sans-serif; font-size: 14px; line-height: 17px; margin-bottom: 0; margin-top: 8px; overflow: hidden; padding: 8px 0 7px; text-align: center; text-overflow: ellipsis; white-space: nowrap;\">Una publicaci\u00f3n compartida de Andr\u00e9-pierre GIGNAC (@10apg) el <time style=\"font-family: Arial,sans-serif; font-size: 14px; line-height: 17px;\" datetime=\"2017-08-17T22:14:20+00:00\">17 de Ago de 2017 a la(s) 3:14 PDT<\/time><\/p>\n<\/div>\n<\/blockquote>\n<p><script async defer src=\"\/\/platform.instagram.com\/en_US\/embeds.js\"><\/script><\/p>\n","protected":false},"excerpt":{"rendered":"<p>El delantero franc\u00e9s despidi\u00f3 con cari\u00f1o al aficionado que falleci\u00f3 v\u00edctima de su enfermedad<\/p>\n","protected":false},"author":20,"featured_media":494576,"comment_status":"closed","ping_status":"closed","sticky":false,"template":"","format":"standard","meta":[],"categories":[5419,5,2198,3845],"tags":[5564,5973],"_links":{"self":[{"href":"http:\/\/desarrollo.grupomedios.com\/futbol\/wp-json\/wp\/v2\/posts\/494571"}],"collection":[{"href":"http:\/\/desarrollo.grupomedios.com\/futbol\/wp-json\/wp\/v2\/posts"}],"about":[{"href":"http:\/\/desarrollo.grupomedios.com\/futbol\/wp-json\/wp\/v2\/types\/post"}],"author":[{"embeddable":true,"href":"http:\/\/desarrollo.grupomedios.com\/futbol\/wp-json\/wp\/v2\/users\/20"}],"replies":[{"embeddable":true,"href":"http:\/\/desarrollo.grupomedios.com\/futbol\/wp-json\/wp\/v2\/comments?post=494571"}],"version-history":[{"count":1,"href":"http:\/\/desarrollo.grupomedios.com\/futbol\/wp-json\/wp\/v2\/posts\/494571\/revisions"}],"predecessor-version":[{"id":494577,"href":"http:\/\/desarrollo.grupomedios.com\/futbol\/wp-json\/wp\/v2\/posts\/494571\/revisions\/494577"}],"wp:featuredmedia":[{"embeddable":true,"href":"http:\/\/desarrollo.grupomedios.com\/futbol\/wp-json\/wp\/v2\/media\/494576"}],"wp:attachment":[{"href":"http:\/\/desarrollo.grupomedios.com\/futbol\/wp-json\/wp\/v2\/media?parent=494571"}],"wp:term":[{"taxonomy":"category","embeddable":true,"href":"http:\/\/desarrollo.grupomedios.com\/futbol\/wp-json\/wp\/v2\/categories?post=494571"},{"taxonomy":"post_tag","embeddable":true,"href":"http:\/\/desarrollo.grupomedios.com\/futbol\/wp-json\/wp\/v2\/tags?post=494571"}],"curies":[{"name":"wp","href":"https:\/\/api.w.org\/{rel}","templated":true}]}}