{"id":494584,"date":"2017-08-17T21:43:14","date_gmt":"2017-08-18T02:43:14","guid":{"rendered":"https:\/\/www.futboltotal.com.mx\/?p=494584"},"modified":"2017-08-17T21:43:14","modified_gmt":"2017-08-18T02:43:14","slug":"nada-atormenta-a-paco-jemez-angel-mena","status":"publish","type":"post","link":"http:\/\/desarrollo.grupomedios.com\/futbol\/destacado-home\/nada-atormenta-a-paco-jemez-angel-mena\/2017\/08","title":{"rendered":"Nada atormenta a Paco J\u00e9mez: \u00c1ngel Mena"},"content":{"rendered":"<p><strong>Paco J\u00e9mez<\/strong> no est\u00e1 atormentado por nada en <strong>Cruz Azul<\/strong>, se\u00f1al\u00f3 el mediocampista <strong>\u00c1ngel Mena<\/strong> en conferencia de prensa.<\/p>\n<p>&#8220;No hay nada que lo pueda turbar en su casa, a veces hay cosas que no salen como quisiera, pero \u00e9l (J\u00e9mez) es una persona adulta y sabe manejarlo&#8221;, afirm\u00f3 el centrocampista cementero.<\/p>\n<p style=\"text-align: center;\"><span style=\"color: #333399;\"><a style=\"color: #333399;\" href=\"https:\/\/www.futboltotal.com.mx\/2017\/08\/no-hay-alerta-en-tigres-por-mal-inicio-nahuel\/\">VER M\u00c1S:\u00a0<span class=\"item-title\">No hay alerta en Tigres por mal inicio: Nahuel<\/span><\/a><\/span><\/p>\n<p>Adem\u00e1s, Mena pidi\u00f3 calma por su persona ya que no lleva ni un gol en lo que va del torneo, y record\u00f3 que el torneo pasado tampoco llevaba goles a estas alturas del torneo.<\/p>\n<p>&#8220;No entiendo porque la gente se alarma, a estas alturas tampoco llevaba goles.\u00a0Sigo siendo el mismo, trato de aportar lo m\u00edo en la cancha, tengo mucha confianza, estoy tranquilo y quiero mejorar, alcanzar la excelencia&#8221;, sentenci\u00f3 \u00c1ngel Mena.<\/p>\n<p style=\"text-align: center;\"><span style=\"color: #333399;\"><a style=\"color: #333399;\" href=\"https:\/\/www.futboltotal.com.mx\/2017\/08\/venir-a-mexico-no-es-facil-conejo-perez-dice-sobre-keisuke-honda\/\">VER M\u00c1S:\u00a0<span class=\"item-title\">Venir a M\u00e9xico no es f\u00e1cil: \u2018Conejo\u2019 P\u00e9rez sobre Honda<\/span><\/a><\/span><\/p>\n<p>&nbsp;<\/p>\n","protected":false},"excerpt":{"rendered":"<p>El mediocampista cementero afirm\u00f3 que el entrenador est\u00e1 tranquilo en La M\u00e1quina<\/p>\n","protected":false},"author":20,"featured_media":494587,"comment_status":"closed","ping_status":"closed","sticky":false,"template":"","format":"standard","meta":[],"categories":[5,2198,3845],"tags":[7749,5962,7053],"_links":{"self":[{"href":"http:\/\/desarrollo.grupomedios.com\/futbol\/wp-json\/wp\/v2\/posts\/494584"}],"collection":[{"href":"http:\/\/desarrollo.grupomedios.com\/futbol\/wp-json\/wp\/v2\/posts"}],"about":[{"href":"http:\/\/desarrollo.grupomedios.com\/futbol\/wp-json\/wp\/v2\/types\/post"}],"author":[{"embeddable":true,"href":"http:\/\/desarrollo.grupomedios.com\/futbol\/wp-json\/wp\/v2\/users\/20"}],"replies":[{"embeddable":true,"href":"http:\/\/desarrollo.grupomedios.com\/futbol\/wp-json\/wp\/v2\/comments?post=494584"}],"version-history":[{"count":1,"href":"http:\/\/desarrollo.grupomedios.com\/futbol\/wp-json\/wp\/v2\/posts\/494584\/revisions"}],"predecessor-version":[{"id":494588,"href":"http:\/\/desarrollo.grupomedios.com\/futbol\/wp-json\/wp\/v2\/posts\/494584\/revisions\/494588"}],"wp:featuredmedia":[{"embeddable":true,"href":"http:\/\/desarrollo.grupomedios.com\/futbol\/wp-json\/wp\/v2\/media\/494587"}],"wp:attachment":[{"href":"http:\/\/desarrollo.grupomedios.com\/futbol\/wp-json\/wp\/v2\/media?parent=494584"}],"wp:term":[{"taxonomy":"category","embeddable":true,"href":"http:\/\/desarrollo.grupomedios.com\/futbol\/wp-json\/wp\/v2\/categories?post=494584"},{"taxonomy":"post_tag","embeddable":true,"href":"http:\/\/desarrollo.grupomedios.com\/futbol\/wp-json\/wp\/v2\/tags?post=494584"}],"curies":[{"name":"wp","href":"https:\/\/api.w.org\/{rel}","templated":true}]}}