{"id":494586,"date":"2017-08-17T21:46:13","date_gmt":"2017-08-18T02:46:13","guid":{"rendered":"https:\/\/www.futboltotal.com.mx\/?p=494586"},"modified":"2017-08-17T21:51:53","modified_gmt":"2017-08-18T02:51:53","slug":"jair-pereira-acepta-se-equivoco-agredir-canterano","status":"publish","type":"post","link":"http:\/\/desarrollo.grupomedios.com\/futbol\/futbol-mexicano\/jair-pereira-acepta-se-equivoco-agredir-canterano\/2017\/08","title":{"rendered":"Jair Pereira acepta que se equivoc\u00f3 al agredir a canterano"},"content":{"rendered":"<p>El defensor central de las <em>Chivas Rayadas <\/em>del<strong><a href=\"https:\/\/www.futboltotal.com.mx\/2017\/08\/alan-pulido-se-tatuo-titulo-12-chivas-clausura-2017\/\" target=\"_blank\" rel=\"noopener noreferrer\"><span style=\"color: #333399;\"> Guadalajara<\/span><\/a>, <a href=\"https:\/\/www.futboltotal.com.mx\/2017\/08\/jair-pereira-se-calienta-en-entrenamiento-canterano\/\" target=\"_blank\" rel=\"noopener noreferrer\"><span style=\"color: #333399;\">Jair Pereira<\/span><\/a><\/strong>, acept\u00f3 que agredir a su compa\u00f1ero durante la pr\u00e1ctica fue un error y que su reacci\u00f3n fue de &#8220;pocos hue&#8230;&#8221; y asegur\u00f3 que perdi\u00f3 la cabeza y fue error haber actuado de esa forma.<\/p>\n<p style=\"text-align: center;\"><a href=\"https:\/\/www.futboltotal.com.mx\/2017\/08\/goleador-colombiano-se-convirtio-padre-por-tercera-vez\/\" target=\"_blank\" rel=\"noopener noreferrer\"><span style=\"color: #333399;\">VER M\u00c1S:\u00a0Goleador colombiano se convirti\u00f3 en padre por tercera vez<\/span><\/a><\/p>\n<p>A trav\u00e9s de un Facebook Live del &#8216;Reba\u00f1o Sagrado&#8217;, el &#8216;Comandante&#8217; asever\u00f3 que ese tipo de acciones suelen ser parte del futbol y que al final ah\u00ed qued\u00f3, no mat\u00f3 ni lesion\u00f3 al jugador y recalc\u00f3 que los medios de comunicaci\u00f3n se dedican siempre a ver m\u00e1s lo negativo que lo positivo y en esta ocasi\u00f3n le toc\u00f3 ser exhibido.<\/p>\n<p style=\"text-align: center;\"><a href=\"https:\/\/www.futboltotal.com.mx\/2017\/08\/no-hay-alerta-en-tigres-por-mal-inicio-nahuel\/\" target=\"_blank\" rel=\"noopener noreferrer\"><span style=\"color: #333399;\">VER M\u00c1S:\u00a0No hay alerta en Tigres por mal inicio: Nahuel<\/span><\/a><\/p>\n<p>&nbsp;<\/p>\n<div class=\"fb-video\" data-href=\"https:\/\/www.facebook.com\/Chivas\/videos\/10155648484767138\/\" data-data-show-text=\"false\">\n<blockquote class=\"fb-xfbml-parse-ignore\" cite=\"https:\/\/www.facebook.com\/Chivas\/videos\/10155648484767138\/\"><p>&nbsp;<\/p>\n<p>&#x1f1f2;&#x1f1e8; \u00a1Charla en vivo con Jair Pereira! &#x1f1f2;&#x1f1e8;<\/p>\n<p>Posted by <a href=\"https:\/\/www.facebook.com\/Chivas\/\">Chivas<\/a> on jueves, 17 de agosto de 2017<\/p><\/blockquote>\n<\/div>\n","protected":false},"excerpt":{"rendered":"<p>Pereira asegura que los medios ven m\u00e1s lo malo que lo bueno<\/p>\n","protected":false},"author":20,"featured_media":468565,"comment_status":"closed","ping_status":"closed","sticky":false,"template":"","format":"standard","meta":[],"categories":[2198,3845],"tags":[70,5963,955],"_links":{"self":[{"href":"http:\/\/desarrollo.grupomedios.com\/futbol\/wp-json\/wp\/v2\/posts\/494586"}],"collection":[{"href":"http:\/\/desarrollo.grupomedios.com\/futbol\/wp-json\/wp\/v2\/posts"}],"about":[{"href":"http:\/\/desarrollo.grupomedios.com\/futbol\/wp-json\/wp\/v2\/types\/post"}],"author":[{"embeddable":true,"href":"http:\/\/desarrollo.grupomedios.com\/futbol\/wp-json\/wp\/v2\/users\/20"}],"replies":[{"embeddable":true,"href":"http:\/\/desarrollo.grupomedios.com\/futbol\/wp-json\/wp\/v2\/comments?post=494586"}],"version-history":[{"count":2,"href":"http:\/\/desarrollo.grupomedios.com\/futbol\/wp-json\/wp\/v2\/posts\/494586\/revisions"}],"predecessor-version":[{"id":494590,"href":"http:\/\/desarrollo.grupomedios.com\/futbol\/wp-json\/wp\/v2\/posts\/494586\/revisions\/494590"}],"wp:featuredmedia":[{"embeddable":true,"href":"http:\/\/desarrollo.grupomedios.com\/futbol\/wp-json\/wp\/v2\/media\/468565"}],"wp:attachment":[{"href":"http:\/\/desarrollo.grupomedios.com\/futbol\/wp-json\/wp\/v2\/media?parent=494586"}],"wp:term":[{"taxonomy":"category","embeddable":true,"href":"http:\/\/desarrollo.grupomedios.com\/futbol\/wp-json\/wp\/v2\/categories?post=494586"},{"taxonomy":"post_tag","embeddable":true,"href":"http:\/\/desarrollo.grupomedios.com\/futbol\/wp-json\/wp\/v2\/tags?post=494586"}],"curies":[{"name":"wp","href":"https:\/\/api.w.org\/{rel}","templated":true}]}}