{"id":494591,"date":"2017-08-17T22:14:27","date_gmt":"2017-08-18T03:14:27","guid":{"rendered":"https:\/\/www.futboltotal.com.mx\/?p=494591"},"modified":"2017-08-17T22:14:27","modified_gmt":"2017-08-18T03:14:27","slug":"se-salvo-paco-jemez-fue-multado-tras-sena-obscena","status":"publish","type":"post","link":"http:\/\/desarrollo.grupomedios.com\/futbol\/destacado-home\/se-salvo-paco-jemez-fue-multado-tras-sena-obscena\/2017\/08","title":{"rendered":"\u00a1Se salvo! Paco J\u00e9mez s\u00f3lo fue multado tras se\u00f1a obscena"},"content":{"rendered":"<p>El entrenador de Cruz Azul, Paco J\u00e9mez, fue multado con m\u00e1s de 150 mil pesos por la se\u00f1a obscena realizada durante la finalizaci\u00f3n del partido contra Toluca a un sector de la afici\u00f3n.<\/p>\n<p>Los seguidores de la M\u00e1quina recriminaron al estratega cementero, despu\u00e9s de que el equipo no pudo sacar la victoria del estadio Azul en el empate sin goles con los Diablos.<\/p>\n<p>J\u00e9mez sinti\u00f3 molestia y lanz\u00f3 una se\u00f1al con el dedo medio levantado, y se retir\u00f3 a la zona de vestidores. La Comisi\u00f3n Disciplinaria realiz\u00f3 la investigaci\u00f3n y determin\u00f3 castigar con 200 umas al t\u00e9cnico de los cruzazulinos.<\/p>\n<p style=\"text-align: center;\"><span style=\"color: #333399;\"><a style=\"color: #333399;\" href=\"https:\/\/www.futboltotal.com.mx\/2017\/08\/mira-la-sena-obscena-paco-jemez-cruz-azul\/\">VER M\u00c1S:\u00a0<span class=\"item-title\">Mira la se\u00f1a obscena de Paco J\u00e9mez con Cruz Azul<\/span><\/a><\/span><\/p>\n<p>&nbsp;<\/p>\n","protected":false},"excerpt":{"rendered":"<p>El entrenador espa\u00f1ol fue castigado con m\u00e1s de 150 mil pesos por su &#8220;J\u00e9mez se\u00f1al&#8221;<\/p>\n","protected":false},"author":20,"featured_media":494593,"comment_status":"closed","ping_status":"closed","sticky":false,"template":"","format":"standard","meta":[],"categories":[5,2198,3845],"tags":[5962,7053],"_links":{"self":[{"href":"http:\/\/desarrollo.grupomedios.com\/futbol\/wp-json\/wp\/v2\/posts\/494591"}],"collection":[{"href":"http:\/\/desarrollo.grupomedios.com\/futbol\/wp-json\/wp\/v2\/posts"}],"about":[{"href":"http:\/\/desarrollo.grupomedios.com\/futbol\/wp-json\/wp\/v2\/types\/post"}],"author":[{"embeddable":true,"href":"http:\/\/desarrollo.grupomedios.com\/futbol\/wp-json\/wp\/v2\/users\/20"}],"replies":[{"embeddable":true,"href":"http:\/\/desarrollo.grupomedios.com\/futbol\/wp-json\/wp\/v2\/comments?post=494591"}],"version-history":[{"count":1,"href":"http:\/\/desarrollo.grupomedios.com\/futbol\/wp-json\/wp\/v2\/posts\/494591\/revisions"}],"predecessor-version":[{"id":494594,"href":"http:\/\/desarrollo.grupomedios.com\/futbol\/wp-json\/wp\/v2\/posts\/494591\/revisions\/494594"}],"wp:featuredmedia":[{"embeddable":true,"href":"http:\/\/desarrollo.grupomedios.com\/futbol\/wp-json\/wp\/v2\/media\/494593"}],"wp:attachment":[{"href":"http:\/\/desarrollo.grupomedios.com\/futbol\/wp-json\/wp\/v2\/media?parent=494591"}],"wp:term":[{"taxonomy":"category","embeddable":true,"href":"http:\/\/desarrollo.grupomedios.com\/futbol\/wp-json\/wp\/v2\/categories?post=494591"},{"taxonomy":"post_tag","embeddable":true,"href":"http:\/\/desarrollo.grupomedios.com\/futbol\/wp-json\/wp\/v2\/tags?post=494591"}],"curies":[{"name":"wp","href":"https:\/\/api.w.org\/{rel}","templated":true}]}}