{"id":494635,"date":"2017-08-18T10:14:07","date_gmt":"2017-08-18T15:14:07","guid":{"rendered":"https:\/\/www.futboltotal.com.mx\/?p=494635"},"modified":"2017-08-18T10:14:07","modified_gmt":"2017-08-18T15:14:07","slug":"jemez-sigue-a-la-espera-refuerzos-cruz-azul","status":"publish","type":"post","link":"http:\/\/desarrollo.grupomedios.com\/futbol\/futbol-mexicano\/jemez-sigue-a-la-espera-refuerzos-cruz-azul\/2017\/08","title":{"rendered":"J\u00e9mez sigue a la espera de refuerzos para Cruz Azul"},"content":{"rendered":"<p>El estratega de <strong>Cruz Azul,<\/strong> <strong>Francisco J\u00e9mez<\/strong> contin\u00faa con la idea de traer refuerzos para <strong>La M\u00e1quina<\/strong>, luego de las lesiones que sufrieron,\u00a0<strong>Mart\u00edn\u00a0Rodr\u00edguez y Juli\u00e1n Vel\u00e1zquez,\u00a0<\/strong>sin embargo, indic\u00f3 que no tiene noticias al respecto.<\/p>\n<blockquote><p>\u201cRespecto al tema de las incorporaciones,\u00a0yo di mi opini\u00f3n\u00a0aqu\u00ed y no voy a estar repiti\u00e9ndola\u00a0porque sigue siendo la misma,\u00a0noticias\u00a0al respecto no tengo, si\u00a0tienen noticias de si va a venir o\u00a0no va a venir, \u00e9se ya no es mi cometido,\u00a0habr\u00eda que hablar con el\u00a0presidente o con <strong>Eduardo de la Torre,<\/strong>\u00a0que es la gente que valora\u00a0eso y toma la decisi\u00f3n; no es mi\u00a0trabajo y no me voy a inmiscuir\u201d, expres\u00f3 en \u00a0conferencia de prensa.<\/p><\/blockquote>\n<p style=\"text-align: center;\"><span style=\"color: #333399;\"><a style=\"color: #333399;\" href=\"https:\/\/www.futboltotal.com.mx\/2017\/08\/tigres-busca-a-estos-3-futbolistas-reforzarse\/\" target=\"_blank\" rel=\"noopener noreferrer\">VER M\u00c1S: Tigres busca a 3 &#8216;europeos&#8217; para reforzarse<\/a><\/span><\/p>\n<p>Por otro lado, se mostr\u00f3 optimista en cuanto a las respectivas recuperaciones de sus dos futbolistas lesionados.<\/p>\n<blockquote><p>\u201cMart\u00edn<strong>\u00a0<\/strong>va excelentemente\u00a0bien, pero es una lesi\u00f3n que hay\u00a0que tener un poquito de cuidado\u00a0con ella, pero va bastante bien.\u00a0Juli\u00e1n<strong>\u00a0<\/strong>va un poquito m\u00e1s despacio, \u00e9l tuvo que ser intervenido,\u00a0as\u00ed que vamos a intentar acortar\u00a0los plazos, pero sabiendo que esa\u00a0lesi\u00f3n va m\u00e1s despacio\u201d.<\/p><\/blockquote>\n<p style=\"text-align: center;\"><span style=\"color: #333399;\"><a style=\"color: #333399;\" href=\"https:\/\/www.futboltotal.com.mx\/2017\/08\/xolos-ficha-a-refuerzo-procedente-la-roma\/\" target=\"_blank\" rel=\"noopener noreferrer\">VER M\u00c1S: Xolos se reforzar\u00e1 con futbolista de la Roma<\/a><\/span><\/p>\n","protected":false},"excerpt":{"rendered":"<p>El estratega quiere jugadores que reemplacen a Rodr\u00edguez y Vel\u00e1zquez<\/p>\n","protected":false},"author":20,"featured_media":492081,"comment_status":"closed","ping_status":"closed","sticky":false,"template":"","format":"standard","meta":[],"categories":[2198,3845],"tags":[8357,5962,64,7053],"_links":{"self":[{"href":"http:\/\/desarrollo.grupomedios.com\/futbol\/wp-json\/wp\/v2\/posts\/494635"}],"collection":[{"href":"http:\/\/desarrollo.grupomedios.com\/futbol\/wp-json\/wp\/v2\/posts"}],"about":[{"href":"http:\/\/desarrollo.grupomedios.com\/futbol\/wp-json\/wp\/v2\/types\/post"}],"author":[{"embeddable":true,"href":"http:\/\/desarrollo.grupomedios.com\/futbol\/wp-json\/wp\/v2\/users\/20"}],"replies":[{"embeddable":true,"href":"http:\/\/desarrollo.grupomedios.com\/futbol\/wp-json\/wp\/v2\/comments?post=494635"}],"version-history":[{"count":1,"href":"http:\/\/desarrollo.grupomedios.com\/futbol\/wp-json\/wp\/v2\/posts\/494635\/revisions"}],"predecessor-version":[{"id":494640,"href":"http:\/\/desarrollo.grupomedios.com\/futbol\/wp-json\/wp\/v2\/posts\/494635\/revisions\/494640"}],"wp:featuredmedia":[{"embeddable":true,"href":"http:\/\/desarrollo.grupomedios.com\/futbol\/wp-json\/wp\/v2\/media\/492081"}],"wp:attachment":[{"href":"http:\/\/desarrollo.grupomedios.com\/futbol\/wp-json\/wp\/v2\/media?parent=494635"}],"wp:term":[{"taxonomy":"category","embeddable":true,"href":"http:\/\/desarrollo.grupomedios.com\/futbol\/wp-json\/wp\/v2\/categories?post=494635"},{"taxonomy":"post_tag","embeddable":true,"href":"http:\/\/desarrollo.grupomedios.com\/futbol\/wp-json\/wp\/v2\/tags?post=494635"}],"curies":[{"name":"wp","href":"https:\/\/api.w.org\/{rel}","templated":true}]}}