{"id":494651,"date":"2017-08-18T11:21:38","date_gmt":"2017-08-18T16:21:38","guid":{"rendered":"https:\/\/www.futboltotal.com.mx\/?p=494651"},"modified":"2017-08-18T11:21:38","modified_gmt":"2017-08-18T16:21:38","slug":"carlos-salcedo-duda-debut-eintracht-frankfurt","status":"publish","type":"post","link":"http:\/\/desarrollo.grupomedios.com\/futbol\/futbol-internacional\/carlos-salcedo-duda-debut-eintracht-frankfurt\/2017\/08","title":{"rendered":"Carlos Salcedo, en duda para debut de Eintracht Frankfurt"},"content":{"rendered":"<p>El estado f\u00edsico del mexicano <strong>Carlos Salcedo<\/strong> parece a\u00fan no ser el \u00f3ptimo para que el defensa pueda ver acci\u00f3n con el <strong>Eintracht Frankfurt<\/strong> en la jornada inaugural de la <strong>Bundesliga<\/strong> ante el <strong>Freiburg<\/strong>.<\/p>\n<p>El croata <strong>Niko Kovac<\/strong>, entrenador de las <em>\u00c1guilas<\/em> alemanas, declar\u00f3 que Salcedo a\u00fan se encuentra realizando trabajo de rehabilitaci\u00f3n como consecuencia de la lesi\u00f3n de clav\u00edcula que sufri\u00f3 con la <strong>Selecci\u00f3n Mexicana<\/strong> en el duelo ante <strong>Alemania<\/strong> en <strong>Copa Confederaciones<\/strong>.<\/p>\n<p>&#8220;Con <strong>Carlos Salcedo<\/strong> debemos esperar. \u00c9l quiere estar. Pero\u00a0si es suficiente para el domingo, a\u00fan no podemos decirlo&#8221;, dijo el t\u00e9cnico.<\/p>\n<p>VER M\u00c1S:<\/p>\n<p><a href=\"https:\/\/www.futboltotal.com.mx\/wp-content\/uploads\/2017\/08\/Niko-Kovac-Carlos-Salcedo.jpg\"><img decoding=\"async\" loading=\"lazy\" class=\"aligncenter size-large wp-image-494656\" src=\"https:\/\/www.futboltotal.com.mx\/wp-content\/uploads\/2017\/08\/Niko-Kovac-Carlos-Salcedo-1024x576.jpg\" alt=\"Carlos Salcedo, en duda para debut de Eintracht Frankfurt 0\" srcset=\"http:\/\/desarrollo.grupomedios.com\/futbol\/wp-content\/uploads\/2017\/08\/Niko-Kovac-Carlos-Salcedo-1024x576.jpg 1024w, http:\/\/desarrollo.grupomedios.com\/futbol\/wp-content\/uploads\/2017\/08\/Niko-Kovac-Carlos-Salcedo-300x169.jpg 300w, http:\/\/desarrollo.grupomedios.com\/futbol\/wp-content\/uploads\/2017\/08\/Niko-Kovac-Carlos-Salcedo-768x432.jpg 768w, http:\/\/desarrollo.grupomedios.com\/futbol\/wp-content\/uploads\/2017\/08\/Niko-Kovac-Carlos-Salcedo-317x178.jpg 317w, http:\/\/desarrollo.grupomedios.com\/futbol\/wp-content\/uploads\/2017\/08\/Niko-Kovac-Carlos-Salcedo-535x301.jpg 535w, http:\/\/desarrollo.grupomedios.com\/futbol\/wp-content\/uploads\/2017\/08\/Niko-Kovac-Carlos-Salcedo-374x210.jpg 374w, http:\/\/desarrollo.grupomedios.com\/futbol\/wp-content\/uploads\/2017\/08\/Niko-Kovac-Carlos-Salcedo.jpg 1136w\" sizes=\"(max-width: 1024px) 100vw, 1024px\" \/><\/a><\/p>\n<p>Adem\u00e1s de la posible ausencia de Salcedo, el Eintracht no podr\u00e1 contar con el tambi\u00e9n mexicano <a href=\"https:\/\/www.futboltotal.com.mx\/2017\/08\/marco-fabian-volvera-a-jugar-2018\/\" target=\"_blank\" rel=\"noopener noreferrer\"><span style=\"color: #333399;\"><strong>Marco Fabi\u00e1n<\/strong>, quien deber\u00e1 ser operado de la espalda<\/span><\/a> y podr\u00eda reaparecer hasta enero de 2018.<\/p>\n","protected":false},"excerpt":{"rendered":"<p>El defensa mexicano se perder\u00eda la jornada inaugural de la Bundesliga.<\/p>\n","protected":false},"author":20,"featured_media":494654,"comment_status":"closed","ping_status":"closed","sticky":false,"template":"","format":"standard","meta":[],"categories":[3839,7495,6718],"tags":[119,5531,3588],"_links":{"self":[{"href":"http:\/\/desarrollo.grupomedios.com\/futbol\/wp-json\/wp\/v2\/posts\/494651"}],"collection":[{"href":"http:\/\/desarrollo.grupomedios.com\/futbol\/wp-json\/wp\/v2\/posts"}],"about":[{"href":"http:\/\/desarrollo.grupomedios.com\/futbol\/wp-json\/wp\/v2\/types\/post"}],"author":[{"embeddable":true,"href":"http:\/\/desarrollo.grupomedios.com\/futbol\/wp-json\/wp\/v2\/users\/20"}],"replies":[{"embeddable":true,"href":"http:\/\/desarrollo.grupomedios.com\/futbol\/wp-json\/wp\/v2\/comments?post=494651"}],"version-history":[{"count":1,"href":"http:\/\/desarrollo.grupomedios.com\/futbol\/wp-json\/wp\/v2\/posts\/494651\/revisions"}],"predecessor-version":[{"id":494657,"href":"http:\/\/desarrollo.grupomedios.com\/futbol\/wp-json\/wp\/v2\/posts\/494651\/revisions\/494657"}],"wp:featuredmedia":[{"embeddable":true,"href":"http:\/\/desarrollo.grupomedios.com\/futbol\/wp-json\/wp\/v2\/media\/494654"}],"wp:attachment":[{"href":"http:\/\/desarrollo.grupomedios.com\/futbol\/wp-json\/wp\/v2\/media?parent=494651"}],"wp:term":[{"taxonomy":"category","embeddable":true,"href":"http:\/\/desarrollo.grupomedios.com\/futbol\/wp-json\/wp\/v2\/categories?post=494651"},{"taxonomy":"post_tag","embeddable":true,"href":"http:\/\/desarrollo.grupomedios.com\/futbol\/wp-json\/wp\/v2\/tags?post=494651"}],"curies":[{"name":"wp","href":"https:\/\/api.w.org\/{rel}","templated":true}]}}