{"id":494664,"date":"2017-08-18T12:06:33","date_gmt":"2017-08-18T17:06:33","guid":{"rendered":"https:\/\/www.futboltotal.com.mx\/?p=494664"},"modified":"2017-08-18T12:06:58","modified_gmt":"2017-08-18T17:06:58","slug":"james-rodriguez-tendra-salario-7-6-millones-dolares-al-ano","status":"publish","type":"post","link":"http:\/\/desarrollo.grupomedios.com\/futbol\/futbol-internacional\/james-rodriguez-tendra-salario-7-6-millones-dolares-al-ano\/2017\/08","title":{"rendered":"James Rodr\u00edguez tendr\u00e1 salario de 7.6 millones de d\u00f3lares al a\u00f1o"},"content":{"rendered":"<p>El <strong>Bayern de M\u00fanich<\/strong> negoci\u00f3 con el centrocampista colombiano\u00a0<strong><span class=\"classCadenaBusqueda\">James<\/span>\u00a0Rodr\u00edguez<\/strong>, cedido por el <strong>Real Madrid<\/strong> por dos temporadas, un salario anual de<strong> 6.5 millones de euros<\/strong> (<strong>7.6 millones de d\u00f3lares<\/strong>), seg\u00fan datos facilitados por la plataforma <em>Football Leaks<\/em> a <em>Der Spiegel<\/em>.<\/p>\n<p>As\u00ed, seg\u00fan el semanario,\u00a0<span class=\"classCadenaBusqueda\">James<\/span>\u00a0cobrar\u00e1 un salario neto mensual de<strong> 636.150 d\u00f3lares<\/strong>, &#8220;excluyendo todos los impuestos sobre la renta y contribuciones sociales obligatorios&#8221; en Alemania, que ser\u00e1n asumidas por el club alem\u00e1n, y se convierte de esta manera en uno de los jugadores mejor pagados del club b\u00e1varo.<\/p>\n<p>Las cantidades netas incluyen asimismo las primas acordadas por el jugador: <strong>294.000 d\u00f3lares<\/strong> en el caso de marcar 12\u00a0tantos en los encuentros oficiales de la temporada y otros tantos una vez logradas al menos veinte asistencias directas de gol.<\/p>\n<p style=\"text-align: center;\"><span style=\"color: #333399;\"><a style=\"color: #333399;\" href=\"https:\/\/www.futboltotal.com.mx\/2017\/08\/xolos-ficha-a-refuerzo-procedente-la-roma\/\" target=\"_blank\" rel=\"noopener noreferrer\">VER M\u00c1S: Xolos se refuerza con futbolista de la Roma<\/a><\/span><\/p>\n<p>Seg\u00fan el contrato de 31 p\u00e1ginas firmado por\u00a0<span class=\"classCadenaBusqueda\">James<\/span>\u00a0el 12 de julio pasado, el Bayern asumir\u00eda adem\u00e1s cualquier impuesto y contribuci\u00f3n social por el personal que pueda acompa\u00f1ar al jugador en Alemania.<\/p>\n<p>Seg\u00fan el acuerdo con el Real Madrid, el Bayern debe transferir al club espa\u00f1ol<strong> 15.2 millones de d\u00f3lares<\/strong>, con la opci\u00f3n de hacerlo en dos pagos fraccionados, el primero del cual vence el pr\u00f3ximo 15 de septiembre.<\/p>\n<p>Si el club muniqu\u00e9s se quiere hacer con\u00a0<span class=\"classCadenaBusqueda\">James<\/span>\u00a0una vez cumplido el periodo de cesi\u00f3n en julio de 2019, deber\u00e1 abonar por su traspaso otros <strong>50 millones de d\u00f3lares<\/strong>.<\/p>\n<p>Adem\u00e1s, el club b\u00e1varo debe abonar a la agencia Gestifute, del agente portugu\u00e9s Jorge Mendes, <strong>2.3 millones<\/strong> en concepto de gesti\u00f3n por la cesi\u00f3n del centrocampista.<\/p>\n<p style=\"text-align: center;\"><span style=\"color: #333399;\"><a style=\"color: #333399;\" href=\"https:\/\/www.futboltotal.com.mx\/2017\/08\/pumas-advierte-america-tigres-se-olviden-nico-castillo\/\" target=\"_blank\" rel=\"noopener noreferrer\">VER M\u00c1S: Pumas lanza advertencia contra Am\u00e9rica y Tigres<\/a><\/span><\/p>\n","protected":false},"excerpt":{"rendered":"<p>Football Leaks revel\u00f3 el contrato del colombiano<\/p>\n","protected":false},"author":144,"featured_media":491600,"comment_status":"closed","ping_status":"closed","sticky":false,"template":"","format":"standard","meta":[],"categories":[3839],"tags":[2056,119,6224,6082],"_links":{"self":[{"href":"http:\/\/desarrollo.grupomedios.com\/futbol\/wp-json\/wp\/v2\/posts\/494664"}],"collection":[{"href":"http:\/\/desarrollo.grupomedios.com\/futbol\/wp-json\/wp\/v2\/posts"}],"about":[{"href":"http:\/\/desarrollo.grupomedios.com\/futbol\/wp-json\/wp\/v2\/types\/post"}],"author":[{"embeddable":true,"href":"http:\/\/desarrollo.grupomedios.com\/futbol\/wp-json\/wp\/v2\/users\/144"}],"replies":[{"embeddable":true,"href":"http:\/\/desarrollo.grupomedios.com\/futbol\/wp-json\/wp\/v2\/comments?post=494664"}],"version-history":[{"count":1,"href":"http:\/\/desarrollo.grupomedios.com\/futbol\/wp-json\/wp\/v2\/posts\/494664\/revisions"}],"predecessor-version":[{"id":494667,"href":"http:\/\/desarrollo.grupomedios.com\/futbol\/wp-json\/wp\/v2\/posts\/494664\/revisions\/494667"}],"wp:featuredmedia":[{"embeddable":true,"href":"http:\/\/desarrollo.grupomedios.com\/futbol\/wp-json\/wp\/v2\/media\/491600"}],"wp:attachment":[{"href":"http:\/\/desarrollo.grupomedios.com\/futbol\/wp-json\/wp\/v2\/media?parent=494664"}],"wp:term":[{"taxonomy":"category","embeddable":true,"href":"http:\/\/desarrollo.grupomedios.com\/futbol\/wp-json\/wp\/v2\/categories?post=494664"},{"taxonomy":"post_tag","embeddable":true,"href":"http:\/\/desarrollo.grupomedios.com\/futbol\/wp-json\/wp\/v2\/tags?post=494664"}],"curies":[{"name":"wp","href":"https:\/\/api.w.org\/{rel}","templated":true}]}}