{"id":494675,"date":"2017-08-18T13:15:14","date_gmt":"2017-08-18T18:15:14","guid":{"rendered":"https:\/\/www.futboltotal.com.mx\/?p=494675"},"modified":"2017-08-18T13:15:14","modified_gmt":"2017-08-18T18:15:14","slug":"chucky-lozano-se-lleva-elogios-phillip-cocu","status":"publish","type":"post","link":"http:\/\/desarrollo.grupomedios.com\/futbol\/futbol-internacional\/chucky-lozano-se-lleva-elogios-phillip-cocu\/2017\/08","title":{"rendered":"Chucky Lozano se lleva elogios de Phillip Cocu"},"content":{"rendered":"<p>El estratega del <strong>PSV Eindhoven<\/strong>,\u00a0<strong>Phillip Cocu,\u00a0<\/strong>indic\u00f3 que est\u00e1 muy contento con lo mostrado hasta el momento por el mediocampista mexciano, <strong>Hirving &#8216;Chucky&#8217; Lozano<\/strong>.<\/p>\n<blockquote><p>&#8220;Se manifiesta bien. Es un muchacho muy espont\u00e1neo y muy interesante en la cancha&#8221;, expres\u00f3\u00a0el holand\u00e9s respecto al futbolista surgido de Pachuca.<\/p><\/blockquote>\n<blockquote class=\"twitter-tweet\" data-conversation=\"none\" data-lang=\"es\">\n<p dir=\"ltr\" lang=\"nl\">Cocu over <a href=\"https:\/\/twitter.com\/HirvingLozano70\">@HirvingLozano70<\/a>: &#8216;Hij manifesteert zich prima. Een hele spontane en open jongen die heel gretig is op het veld.&#8217;<a href=\"https:\/\/twitter.com\/hashtag\/NACPSV?src=hash\">#NACPSV<\/a><\/p>\n<p>\u2014 PSV (@PSV) <a href=\"https:\/\/twitter.com\/PSV\/status\/898523546586107905\">18 de agosto de 2017<\/a><\/p><\/blockquote>\n<p><script async src=\"\/\/platform.twitter.com\/widgets.js\" charset=\"utf-8\"><\/script><\/p>\n<p style=\"text-align: center;\"><span style=\"color: #333399;\"><a style=\"color: #333399;\" href=\"https:\/\/www.futboltotal.com.mx\/2017\/08\/pumas-advierte-america-tigres-se-olviden-nico-castillo\/\" target=\"_blank\" rel=\"noopener noreferrer\">VER M\u00c1S: Pumas manda advertencia a Am\u00e9rica y Tigres<\/a><\/span><\/p>\n<p>Estas palabras se dan previo al duelo que enfrentar\u00e1n Los Granjeros ante el<strong> NAC Breda<\/strong>. Adem\u00e1s, Cocu agreg\u00f3 que espera que Lozano contin\u00fae incrementando su nivel.<\/p>\n<blockquote class=\"twitter-video\" data-lang=\"es\">\n<p dir=\"ltr\" lang=\"es\">Gol de Irving el chucky Lozano, as\u00ed fue su primer gol en liga con el PSV. <a href=\"https:\/\/t.co\/CMO2tUFTxx\">pic.twitter.com\/CMO2tUFTxx<\/a><\/p>\n<p>\u2014 La bola (@Labolamx) <a href=\"https:\/\/twitter.com\/Labolamx\/status\/896455506641928192\">12 de agosto de 2017<\/a><\/p><\/blockquote>\n<p><script async src=\"\/\/platform.twitter.com\/widgets.js\" charset=\"utf-8\"><\/script><\/p>\n<p style=\"text-align: center;\"><span style=\"color: #333399;\"><a style=\"color: #333399;\" href=\"https:\/\/www.futboltotal.com.mx\/2017\/08\/tigres-busca-a-estos-3-futbolistas-reforzarse\/\" target=\"_blank\" rel=\"noopener noreferrer\">VER M\u00c1S: Tigres busca reforzarse con 3 futbolistas europeos<\/a><\/span><\/p>\n","protected":false},"excerpt":{"rendered":"<p>El estratega espera que Lozano incremente m\u00e1s su nivel de juego<\/p>\n","protected":false},"author":20,"featured_media":493505,"comment_status":"closed","ping_status":"closed","sticky":false,"template":"","format":"standard","meta":[],"categories":[3839],"tags":[6944,4420,5196,9800,3224],"_links":{"self":[{"href":"http:\/\/desarrollo.grupomedios.com\/futbol\/wp-json\/wp\/v2\/posts\/494675"}],"collection":[{"href":"http:\/\/desarrollo.grupomedios.com\/futbol\/wp-json\/wp\/v2\/posts"}],"about":[{"href":"http:\/\/desarrollo.grupomedios.com\/futbol\/wp-json\/wp\/v2\/types\/post"}],"author":[{"embeddable":true,"href":"http:\/\/desarrollo.grupomedios.com\/futbol\/wp-json\/wp\/v2\/users\/20"}],"replies":[{"embeddable":true,"href":"http:\/\/desarrollo.grupomedios.com\/futbol\/wp-json\/wp\/v2\/comments?post=494675"}],"version-history":[{"count":1,"href":"http:\/\/desarrollo.grupomedios.com\/futbol\/wp-json\/wp\/v2\/posts\/494675\/revisions"}],"predecessor-version":[{"id":494676,"href":"http:\/\/desarrollo.grupomedios.com\/futbol\/wp-json\/wp\/v2\/posts\/494675\/revisions\/494676"}],"wp:featuredmedia":[{"embeddable":true,"href":"http:\/\/desarrollo.grupomedios.com\/futbol\/wp-json\/wp\/v2\/media\/493505"}],"wp:attachment":[{"href":"http:\/\/desarrollo.grupomedios.com\/futbol\/wp-json\/wp\/v2\/media?parent=494675"}],"wp:term":[{"taxonomy":"category","embeddable":true,"href":"http:\/\/desarrollo.grupomedios.com\/futbol\/wp-json\/wp\/v2\/categories?post=494675"},{"taxonomy":"post_tag","embeddable":true,"href":"http:\/\/desarrollo.grupomedios.com\/futbol\/wp-json\/wp\/v2\/tags?post=494675"}],"curies":[{"name":"wp","href":"https:\/\/api.w.org\/{rel}","templated":true}]}}