{"id":494682,"date":"2017-08-18T14:04:15","date_gmt":"2017-08-18T19:04:15","guid":{"rendered":"https:\/\/www.futboltotal.com.mx\/?p=494682"},"modified":"2017-08-18T14:04:15","modified_gmt":"2017-08-18T19:04:15","slug":"tragedia-en-barcelona-revive-rivalidad-shakira-vs-antonella","status":"publish","type":"post","link":"http:\/\/desarrollo.grupomedios.com\/futbol\/cambio-de-juego\/tragedia-en-barcelona-revive-rivalidad-shakira-vs-antonella\/2017\/08","title":{"rendered":"Tragedia en Barcelona revive rivalidad Shakira vs Antonella"},"content":{"rendered":"<p>Los acontecimientos vividos en <strong>Barcelona<\/strong> han suscitado reacciones en redes sociales, sobre todo de aquellos que viven en Barcelona.<\/p>\n<p>El caso de <strong>Lionel Messi<\/strong> y <strong>Gerard Piqu\u00e9<\/strong>, siendo dos referentes del Barcelona no fue la excepci\u00f3n; de inmediatamente ambos lanzaron mensajes de apoyo.<\/p>\n<blockquote class=\"instagram-media\" style=\"background: #FFF; border: 0; border-radius: 3px; box-shadow: 0 0 1px 0 rgba(0,0,0,0.5),0 1px 10px 0 rgba(0,0,0,0.15); margin: 1px; max-width: 658px; padding: 0; width: calc(100% - 2px);\" data-instgrm-version=\"7\">\n<div style=\"padding: 8px;\">\n<div style=\"background: #F8F8F8; line-height: 0; margin-top: 40px; padding: 27.870370370370374% 0; text-align: center; width: 100%;\"><\/div>\n<p style=\"color: #c9c8cd; font-family: Arial,sans-serif; font-size: 14px; line-height: 17px; margin-bottom: 0; margin-top: 8px; overflow: hidden; padding: 8px 0 7px; text-align: center; text-overflow: ellipsis; white-space: nowrap;\"><a style=\"color: #c9c8cd; font-family: Arial,sans-serif; font-size: 14px; font-style: normal; font-weight: normal; line-height: 17px; text-decoration: none;\" href=\"https:\/\/www.instagram.com\/p\/BX57aOGFoWa\/\" target=\"_blank\" rel=\"noopener noreferrer\">A post shared by Leo Messi (@leomessi)<\/a> on <time style=\"font-family: Arial,sans-serif; font-size: 14px; line-height: 17px;\" datetime=\"2017-08-17T18:34:09+00:00\">Aug 17, 2017 at 11:34am PDT<\/time><\/p>\n<\/div>\n<\/blockquote>\n<p><script async defer src=\"\/\/platform.instagram.com\/en_US\/embeds.js\"><\/script><\/p>\n<p>Por su parte, su esposa, <strong>Antonella Roccuzzo<\/strong> public\u00f3 un mensaje, igualmente de apoyo, condenando los ataques perpetrados en Barcelona.<\/p>\n<blockquote class=\"instagram-media\" style=\"background: #FFF; border: 0; border-radius: 3px; box-shadow: 0 0 1px 0 rgba(0,0,0,0.5),0 1px 10px 0 rgba(0,0,0,0.15); margin: 1px; max-width: 658px; padding: 0; width: calc(100% - 2px);\" data-instgrm-captioned=\"\" data-instgrm-version=\"7\">\n<div style=\"padding: 8px;\">\n<div style=\"background: #F8F8F8; line-height: 0; margin-top: 40px; padding: 62.5% 0; text-align: center; width: 100%;\"><\/div>\n<p style=\"margin: 8px 0 0 0; padding: 0 4px;\"><a style=\"color: #000; font-family: Arial,sans-serif; font-size: 14px; font-style: normal; font-weight: normal; line-height: 17px; text-decoration: none; word-wrap: break-word;\" href=\"https:\/\/www.instagram.com\/p\/BX50jesBuat\/\" target=\"_blank\" rel=\"noopener noreferrer\">&#x1f494; Tanta Maldad? Tanto odio en el mundo?? Cuanta tristeza e impotencia &#x1f625;&#x1f625;&#x1f625;. Toda la fuerza para las v\u00edctimas y sus familias!! \u2764\ufe0fBCN\u2764\ufe0f.<\/a><\/p>\n<p style=\"color: #c9c8cd; font-family: Arial,sans-serif; font-size: 14px; line-height: 17px; margin-bottom: 0; margin-top: 8px; overflow: hidden; padding: 8px 0 7px; text-align: center; text-overflow: ellipsis; white-space: nowrap;\">A post shared by AntoRoccuzzo88 (@antoroccuzzo88) on <time style=\"font-family: Arial,sans-serif; font-size: 14px; line-height: 17px;\" datetime=\"2017-08-17T17:34:15+00:00\">Aug 17, 2017 at 10:34am PDT<\/time><\/p>\n<\/div>\n<\/blockquote>\n<p><script async defer src=\"\/\/platform.instagram.com\/en_US\/embeds.js\"><\/script><\/p>\n<p style=\"text-align: center;\"><span style=\"color: #333399;\"><a style=\"color: #333399;\" href=\"https:\/\/www.futboltotal.com.mx\/2017\/08\/tigres-busca-a-estos-3-futbolistas-reforzarse\/\" target=\"_blank\" rel=\"noopener noreferrer\">VER M\u00c1S: Tigres busca 3 europeos para reforzarse<\/a><\/span><\/p>\n<p>En el caso de la pareja Piqu\u00e9-Shakira fue distinto, pues el defensa central catal\u00e1n s\u00ed lanz\u00f3 un mensaje en redes con respecto a los atentados.<\/p>\n<blockquote class=\"twitter-tweet\" data-lang=\"es\">\n<p dir=\"ltr\" lang=\"und\">M\u00e9s que mai tots junts contra aquest atac a la nostra ciutat. Tot el meu suport als afectats d&#8217;aquesta barb\u00e0rie. <a href=\"https:\/\/twitter.com\/hashtag\/Barcelona?src=hash\">#Barcelona<\/a><\/p>\n<p>\u2014 Gerard Piqu\u00e9 (@3gerardpique) <a href=\"https:\/\/twitter.com\/3gerardpique\/status\/898248266894032896\">17 de agosto de 2017<\/a><\/p><\/blockquote>\n<p><script async src=\"\/\/platform.twitter.com\/widgets.js\" charset=\"utf-8\"><\/script><\/p>\n<p>Por su parte, Shakira no se ha hecho presente en ninguna de sus redes sociales, lo que medios como <em>Diario Gol<\/em>, ha destacado titulando notas como; <strong>&#8220;La lecci\u00f3n de Antonella Roccuzzo a Shakira con el atentado terrorista de Barcelona&#8221;<\/strong>.<\/p>\n<p>Cabe se\u00f1alar que la estrella colombiana tambi\u00e9n vive en Barcelona, sin embargo, despu\u00e9s de 24 horas no se ha hecho presente.<\/p>\n<p style=\"text-align: center;\"><span style=\"color: #333399;\"><a style=\"color: #333399;\" href=\"https:\/\/www.futboltotal.com.mx\/2017\/08\/pumas-advierte-america-tigres-se-olviden-nico-castillo\/\" target=\"_blank\" rel=\"noopener noreferrer\">VER M\u00c1S: Pumas lanza advertencia a Am\u00e9rica y Tigres<\/a><\/span><\/p>\n<p class=\"p1 selectionShareable\">\n","protected":false},"excerpt":{"rendered":"<p>La esposa de Messi mostr\u00f3 su apoyo a Barcelona tras los ataques terroris<\/p>\n","protected":false},"author":20,"featured_media":482543,"comment_status":"closed","ping_status":"closed","sticky":false,"template":"","format":"standard","meta":[],"categories":[5419],"tags":[3867,5984,6015,6012,2005],"_links":{"self":[{"href":"http:\/\/desarrollo.grupomedios.com\/futbol\/wp-json\/wp\/v2\/posts\/494682"}],"collection":[{"href":"http:\/\/desarrollo.grupomedios.com\/futbol\/wp-json\/wp\/v2\/posts"}],"about":[{"href":"http:\/\/desarrollo.grupomedios.com\/futbol\/wp-json\/wp\/v2\/types\/post"}],"author":[{"embeddable":true,"href":"http:\/\/desarrollo.grupomedios.com\/futbol\/wp-json\/wp\/v2\/users\/20"}],"replies":[{"embeddable":true,"href":"http:\/\/desarrollo.grupomedios.com\/futbol\/wp-json\/wp\/v2\/comments?post=494682"}],"version-history":[{"count":1,"href":"http:\/\/desarrollo.grupomedios.com\/futbol\/wp-json\/wp\/v2\/posts\/494682\/revisions"}],"predecessor-version":[{"id":494684,"href":"http:\/\/desarrollo.grupomedios.com\/futbol\/wp-json\/wp\/v2\/posts\/494682\/revisions\/494684"}],"wp:featuredmedia":[{"embeddable":true,"href":"http:\/\/desarrollo.grupomedios.com\/futbol\/wp-json\/wp\/v2\/media\/482543"}],"wp:attachment":[{"href":"http:\/\/desarrollo.grupomedios.com\/futbol\/wp-json\/wp\/v2\/media?parent=494682"}],"wp:term":[{"taxonomy":"category","embeddable":true,"href":"http:\/\/desarrollo.grupomedios.com\/futbol\/wp-json\/wp\/v2\/categories?post=494682"},{"taxonomy":"post_tag","embeddable":true,"href":"http:\/\/desarrollo.grupomedios.com\/futbol\/wp-json\/wp\/v2\/tags?post=494682"}],"curies":[{"name":"wp","href":"https:\/\/api.w.org\/{rel}","templated":true}]}}