{"id":494709,"date":"2017-08-18T15:44:55","date_gmt":"2017-08-18T20:44:55","guid":{"rendered":"https:\/\/www.futboltotal.com.mx\/?p=494709"},"modified":"2017-08-18T15:44:55","modified_gmt":"2017-08-18T20:44:55","slug":"humillan-a-memo-ochoa-y-standard-de-lieja-en-casa","status":"publish","type":"post","link":"http:\/\/desarrollo.grupomedios.com\/futbol\/destacado-home\/humillan-a-memo-ochoa-y-standard-de-lieja-en-casa\/2017\/08","title":{"rendered":"Humillan a Memo Ochoa y el Standard de Lieja en casa"},"content":{"rendered":"<p><strong>Guillermo Ochoa<\/strong> no vio la suya con la escuadra del <strong>Standard de Lieja<\/strong> y fue goleado por 0-4 ante el <strong>Zulte Waregem<\/strong> en la Jupiler League de B\u00e9lgica.<\/p>\n<p>Nill de Pauw abri\u00f3 las hostilidades para los visitantes al minuto 65, Onur Kaya hizo doblete con goles al minuto 70 y al 84 de penal, mientras que Peter Olayinka\u00a0logr\u00f3 al minuto 73 el gol que marc\u00f3 la goleada.<\/p>\n<p style=\"text-align: center;\"><span style=\"color: #333399;\"><a style=\"color: #333399;\" href=\"https:\/\/www.futboltotal.com.mx\/2017\/08\/vela-guardado-representando-a-mexico-en-la-liga-espanola\/\">VER M\u00c1S:\u00a0<span class=\"item-title\">Vela y Guardado, representando a M\u00e9xico en la Liga espa\u00f1ola<\/span><\/a><\/span><\/p>\n<p>La escuadra del mexicano se qued\u00f3 con cuatro unidades en el mismo n\u00famero de partidos, y se encuentra actualmente en el puesto 11 de la <strong>Liga de B\u00e9lgica<\/strong>.<\/p>\n<p>Siete goles son los que ha recibido Memo Ochoa en lo que va del torneo, y es su primera goleada en contra del torneo.<\/p>\n<p style=\"text-align: center;\"><span style=\"color: #333399;\"><a style=\"color: #333399;\" href=\"https:\/\/www.futboltotal.com.mx\/2017\/08\/barcelona-utilizara-jersey-especial-en-memoria-victimas\/\">VER M\u00c1S:\u00a0<span class=\"item-title\">Barcelona utilizar\u00e1 jersey especial en memoria de v\u00edctimas<\/span><\/a><\/span><\/p>\n<p>&nbsp;<\/p>\n","protected":false},"excerpt":{"rendered":"<p>Guillermo Ochoa y la defensa de Lieja se vio vapuleada por el ataque del Zulte Waregem<\/p>\n","protected":false},"author":20,"featured_media":494711,"comment_status":"closed","ping_status":"closed","sticky":false,"template":"","format":"standard","meta":[],"categories":[5,3839,9806],"tags":[679,2252,9807],"_links":{"self":[{"href":"http:\/\/desarrollo.grupomedios.com\/futbol\/wp-json\/wp\/v2\/posts\/494709"}],"collection":[{"href":"http:\/\/desarrollo.grupomedios.com\/futbol\/wp-json\/wp\/v2\/posts"}],"about":[{"href":"http:\/\/desarrollo.grupomedios.com\/futbol\/wp-json\/wp\/v2\/types\/post"}],"author":[{"embeddable":true,"href":"http:\/\/desarrollo.grupomedios.com\/futbol\/wp-json\/wp\/v2\/users\/20"}],"replies":[{"embeddable":true,"href":"http:\/\/desarrollo.grupomedios.com\/futbol\/wp-json\/wp\/v2\/comments?post=494709"}],"version-history":[{"count":1,"href":"http:\/\/desarrollo.grupomedios.com\/futbol\/wp-json\/wp\/v2\/posts\/494709\/revisions"}],"predecessor-version":[{"id":494712,"href":"http:\/\/desarrollo.grupomedios.com\/futbol\/wp-json\/wp\/v2\/posts\/494709\/revisions\/494712"}],"wp:featuredmedia":[{"embeddable":true,"href":"http:\/\/desarrollo.grupomedios.com\/futbol\/wp-json\/wp\/v2\/media\/494711"}],"wp:attachment":[{"href":"http:\/\/desarrollo.grupomedios.com\/futbol\/wp-json\/wp\/v2\/media?parent=494709"}],"wp:term":[{"taxonomy":"category","embeddable":true,"href":"http:\/\/desarrollo.grupomedios.com\/futbol\/wp-json\/wp\/v2\/categories?post=494709"},{"taxonomy":"post_tag","embeddable":true,"href":"http:\/\/desarrollo.grupomedios.com\/futbol\/wp-json\/wp\/v2\/tags?post=494709"}],"curies":[{"name":"wp","href":"https:\/\/api.w.org\/{rel}","templated":true}]}}