{"id":494710,"date":"2017-08-18T15:49:23","date_gmt":"2017-08-18T20:49:23","guid":{"rendered":"https:\/\/www.futboltotal.com.mx\/?p=494710"},"modified":"2017-08-18T15:49:23","modified_gmt":"2017-08-18T20:49:23","slug":"dario-benedetto-se-acerca-a-la-seleccion-argentina","status":"publish","type":"post","link":"http:\/\/desarrollo.grupomedios.com\/futbol\/futbol-internacional\/dario-benedetto-se-acerca-a-la-seleccion-argentina\/2017\/08","title":{"rendered":"Dar\u00edo Benedetto se acerca a la Selecci\u00f3n de Argentina"},"content":{"rendered":"<p><strong>Jorge Sampaoli<\/strong>, t\u00e9cnico de Argentina, estar\u00eda pensando seriamente en convocar al ex americanista,<strong> Dar\u00edo Benedetto<\/strong>.<\/p>\n<p>El estratega se plantea reunir con el ariete, hoy de <strong>Boca Juniors<\/strong>, para hacerle saber lo que pretende de \u00e9l en caso de una convocatoria para los pr\u00f3ximos partidos de la albiceleste rumbo a <strong>Rusia 2018<\/strong>, de acuerdo con <em>TyC Sports<\/em>.<\/p>\n<p style=\"text-align: center;\"><span style=\"color: #333399;\"><a style=\"color: #333399;\" href=\"https:\/\/www.futboltotal.com.mx\/2017\/08\/conductora-azteca-deportes-denuncia-discriminacion-machismo\/\" target=\"_blank\" rel=\"noopener noreferrer\">VER M\u00c1S: Conductora de Azteca Deportes denuncia discriminaci\u00f3n y machismo<\/a><\/span><\/p>\n<p>El &#8216;Pipa&#8217; sali\u00f3 campe\u00f3n con Boca Juniors y adem\u00e1s fue el m\u00e1ximo goleador en el futbol argentino con 21 goles, hechos que llevaron a Benedetto a estar en la mira del <strong>Sevilla, Roma y Benfica<\/strong>.<\/p>\n<p><iframe loading=\"lazy\" src=\"https:\/\/www.youtube.com\/embed\/G9IJ4DHLsp8?start=9&#038;feature=oembed\" frameborder=\"0\" allowfullscreen><\/iframe><\/p>\n<p style=\"text-align: center;\"><span style=\"color: #333399;\"><a style=\"color: #333399;\" href=\"https:\/\/www.futboltotal.com.mx\/2017\/08\/zlatan-revela-jugador-talentoso-ha-jugado\/\" target=\"_blank\" rel=\"noopener noreferrer\">VER M\u00c1S: Zlatan revela el jugador m\u00e1s talentoso con el que ha jugado<\/a><\/span><\/p>\n<p class=\"capital\">\n","protected":false},"excerpt":{"rendered":"<p>El ex americanista estar\u00eda muy cerca de llegar a la albiceleste<\/p>\n","protected":false},"author":20,"featured_media":408352,"comment_status":"closed","ping_status":"closed","sticky":false,"template":"","format":"standard","meta":[],"categories":[3839],"tags":[5996,1683,3876],"_links":{"self":[{"href":"http:\/\/desarrollo.grupomedios.com\/futbol\/wp-json\/wp\/v2\/posts\/494710"}],"collection":[{"href":"http:\/\/desarrollo.grupomedios.com\/futbol\/wp-json\/wp\/v2\/posts"}],"about":[{"href":"http:\/\/desarrollo.grupomedios.com\/futbol\/wp-json\/wp\/v2\/types\/post"}],"author":[{"embeddable":true,"href":"http:\/\/desarrollo.grupomedios.com\/futbol\/wp-json\/wp\/v2\/users\/20"}],"replies":[{"embeddable":true,"href":"http:\/\/desarrollo.grupomedios.com\/futbol\/wp-json\/wp\/v2\/comments?post=494710"}],"version-history":[{"count":1,"href":"http:\/\/desarrollo.grupomedios.com\/futbol\/wp-json\/wp\/v2\/posts\/494710\/revisions"}],"predecessor-version":[{"id":494714,"href":"http:\/\/desarrollo.grupomedios.com\/futbol\/wp-json\/wp\/v2\/posts\/494710\/revisions\/494714"}],"wp:featuredmedia":[{"embeddable":true,"href":"http:\/\/desarrollo.grupomedios.com\/futbol\/wp-json\/wp\/v2\/media\/408352"}],"wp:attachment":[{"href":"http:\/\/desarrollo.grupomedios.com\/futbol\/wp-json\/wp\/v2\/media?parent=494710"}],"wp:term":[{"taxonomy":"category","embeddable":true,"href":"http:\/\/desarrollo.grupomedios.com\/futbol\/wp-json\/wp\/v2\/categories?post=494710"},{"taxonomy":"post_tag","embeddable":true,"href":"http:\/\/desarrollo.grupomedios.com\/futbol\/wp-json\/wp\/v2\/tags?post=494710"}],"curies":[{"name":"wp","href":"https:\/\/api.w.org\/{rel}","templated":true}]}}