{"id":494715,"date":"2017-08-18T16:13:28","date_gmt":"2017-08-18T21:13:28","guid":{"rendered":"https:\/\/www.futboltotal.com.mx\/?p=494715"},"modified":"2017-08-18T16:13:28","modified_gmt":"2017-08-18T21:13:28","slug":"lobos-buap-a-wolfsburgo-venga-lobo-hermanos","status":"publish","type":"post","link":"http:\/\/desarrollo.grupomedios.com\/futbol\/futbol-mexicano\/lobos-buap-a-wolfsburgo-venga-lobo-hermanos\/2017\/08","title":{"rendered":"Lobos BUAP a Wolfsburgo: &#8220;un lobo nunca a\u00falla solo&#8221;"},"content":{"rendered":"<p>&#8220;Un lobo nunca a\u00falla solo&#8221;, fue la frase con la que los <strong>Lobos BUAP<\/strong> motivaron al <strong>Wolfsburgo<\/strong> de Alemania, equipo que jugar\u00e1 su primer encuentro del torneo en la <strong>Bundesliga<\/strong>.<\/p>\n<p>El t\u00e9cnico Rafa Puente, la directiva y los jugadores aparecieron en un video donde dan palabras de aliento a los futbolistas del cuadro alem\u00e1n.<\/p>\n<p>El Wolfsburgo har\u00e1 su debut en la liga alemana contra el Borussia Dortmund este s\u00e1bado por la ma\u00f1ana.<\/p>\n<blockquote class=\"twitter-tweet\" data-lang=\"es\">\n<p dir=\"ltr\" lang=\"es\">Los geht&#8217;s Wolfbr\u00fcder <a href=\"https:\/\/twitter.com\/VfLWolfsburg_ES\">@VfLWolfsburg_ES<\/a>!<br \/>\nMucho \u00e9xito en su participaci\u00f3n en la <a href=\"https:\/\/twitter.com\/hashtag\/Bundesliga?src=hash\">#Bundesliga<\/a>.<a href=\"https:\/\/twitter.com\/hashtag\/UnLoboNuncaAullaSolo?src=hash\">#UnLoboNuncaAullaSolo<\/a> <a href=\"https:\/\/t.co\/bsl2UaaWbb\">pic.twitter.com\/bsl2UaaWbb<\/a><\/p>\n<p>\u2014 Lobos Buap Oficial (@LobosBuapMX) <a href=\"https:\/\/twitter.com\/LobosBuapMX\/status\/898643948448731136\">18 de agosto de 2017<\/a><\/p><\/blockquote>\n<p><script async src=\"\/\/platform.twitter.com\/widgets.js\" charset=\"utf-8\"><\/script><\/p>\n<p>A lo que la escuadra alemana agradeci\u00f3 el detalle y respondi\u00f3 lo siguiente:<\/p>\n<blockquote class=\"twitter-tweet\" data-lang=\"es\">\n<p dir=\"ltr\" lang=\"es\">\u00a1Detallazo lobo-hermanos! Danke <a href=\"https:\/\/twitter.com\/LobosBuapMX\">@LobosBuapMX<\/a>!<br \/>\nCon la fuerza de la manada, encararemos la siguiente temporada. <a href=\"https:\/\/twitter.com\/hashtag\/UnLoboNuncaAullaSolo?src=hash\">#UnLoboNuncaAullaSolo<\/a> &#x1f1f2;&#x1f1fd;&#x1f43a;&#x1f1e9;&#x1f1ea; <a href=\"https:\/\/t.co\/ZFnflG2aI8\">https:\/\/t.co\/ZFnflG2aI8<\/a><\/p>\n<p>\u2014 VfL Wolfsburg ES (@VfLWolfsburg_ES) <a href=\"https:\/\/twitter.com\/VfLWolfsburg_ES\/status\/898644775926063104\">18 de agosto de 2017<\/a><\/p><\/blockquote>\n<p><script async src=\"\/\/platform.twitter.com\/widgets.js\" charset=\"utf-8\"><\/script><\/p>\n","protected":false},"excerpt":{"rendered":"<p>El equipo de la Liga Mx envi\u00f3 un mensaje a la escuadra de la Bundesliga previo a su debut<\/p>\n","protected":false},"author":20,"featured_media":494716,"comment_status":"closed","ping_status":"closed","sticky":false,"template":"","format":"standard","meta":[],"categories":[9808,3839,2198,3845],"tags":[119,64,431,3521],"_links":{"self":[{"href":"http:\/\/desarrollo.grupomedios.com\/futbol\/wp-json\/wp\/v2\/posts\/494715"}],"collection":[{"href":"http:\/\/desarrollo.grupomedios.com\/futbol\/wp-json\/wp\/v2\/posts"}],"about":[{"href":"http:\/\/desarrollo.grupomedios.com\/futbol\/wp-json\/wp\/v2\/types\/post"}],"author":[{"embeddable":true,"href":"http:\/\/desarrollo.grupomedios.com\/futbol\/wp-json\/wp\/v2\/users\/20"}],"replies":[{"embeddable":true,"href":"http:\/\/desarrollo.grupomedios.com\/futbol\/wp-json\/wp\/v2\/comments?post=494715"}],"version-history":[{"count":1,"href":"http:\/\/desarrollo.grupomedios.com\/futbol\/wp-json\/wp\/v2\/posts\/494715\/revisions"}],"predecessor-version":[{"id":494717,"href":"http:\/\/desarrollo.grupomedios.com\/futbol\/wp-json\/wp\/v2\/posts\/494715\/revisions\/494717"}],"wp:featuredmedia":[{"embeddable":true,"href":"http:\/\/desarrollo.grupomedios.com\/futbol\/wp-json\/wp\/v2\/media\/494716"}],"wp:attachment":[{"href":"http:\/\/desarrollo.grupomedios.com\/futbol\/wp-json\/wp\/v2\/media?parent=494715"}],"wp:term":[{"taxonomy":"category","embeddable":true,"href":"http:\/\/desarrollo.grupomedios.com\/futbol\/wp-json\/wp\/v2\/categories?post=494715"},{"taxonomy":"post_tag","embeddable":true,"href":"http:\/\/desarrollo.grupomedios.com\/futbol\/wp-json\/wp\/v2\/tags?post=494715"}],"curies":[{"name":"wp","href":"https:\/\/api.w.org\/{rel}","templated":true}]}}