{"id":494739,"date":"2017-08-18T19:11:50","date_gmt":"2017-08-19T00:11:50","guid":{"rendered":"https:\/\/www.futboltotal.com.mx\/?p=494739"},"modified":"2017-08-19T21:01:18","modified_gmt":"2017-08-20T02:01:18","slug":"en-vivo-leon-vs-monterrey-apertura-2017","status":"publish","type":"post","link":"http:\/\/desarrollo.grupomedios.com\/futbol\/futbol-mexicano\/en-vivo-leon-vs-monterrey-apertura-2017\/2017\/08","title":{"rendered":"AS\u00cd SE VIVI\u00d3 | Le\u00f3n vs Monterrey | Apertura 2017"},"content":{"rendered":"<p>Los <em>Esmeraldas<\/em> de <strong>Le\u00f3n<\/strong> reciben la visita de los <em>Rayados<\/em> de <strong>Monterrey<\/strong> en la fecha 5 del Torneo Apertura 2017.<\/p>\n<div><iframe src=\"https:\/\/en-vivo.futboltotal.com.mx\/embed.php\/?id=224\" width=\"100%\" id=\"frame_minuto\"><\/iframe><\/div>\n<p>La &#8216;Fiera&#8217; logr\u00f3 su primer triunfo del torneo en la jornada pasada cuando derrot\u00f3 al Necaxa y dio respiro al entrenador Javier Torrente, que ahora quiere darle una alegr\u00eda a los aficionados esmeraldas.<\/p>\n<p>Los regiomontanos son los l\u00edderes del <strong>Torneo Apertura 2017<\/strong> con diez puntos y tienen una de las delanteras m\u00e1s dominantes del momento, por lo que se vislumbra un duelo con llegadas y goles.<\/p>\n<p>Tres victorias en los \u00faltimos cinco partidos ha tenido Monterrey en sus visitas a Le\u00f3n, por lo que a los Rayados no les cae mal el Nou Camp.<\/p>\n","protected":false},"excerpt":{"rendered":"<p>&#8216;La Fiera&#8217; busca su primer triunfo en casa frente a los Rayados<\/p>\n","protected":false},"author":160,"featured_media":494902,"comment_status":"closed","ping_status":"closed","sticky":false,"template":"","format":"standard","meta":[],"categories":[2198,3845],"tags":[5965,64,5966],"_links":{"self":[{"href":"http:\/\/desarrollo.grupomedios.com\/futbol\/wp-json\/wp\/v2\/posts\/494739"}],"collection":[{"href":"http:\/\/desarrollo.grupomedios.com\/futbol\/wp-json\/wp\/v2\/posts"}],"about":[{"href":"http:\/\/desarrollo.grupomedios.com\/futbol\/wp-json\/wp\/v2\/types\/post"}],"author":[{"embeddable":true,"href":"http:\/\/desarrollo.grupomedios.com\/futbol\/wp-json\/wp\/v2\/users\/160"}],"replies":[{"embeddable":true,"href":"http:\/\/desarrollo.grupomedios.com\/futbol\/wp-json\/wp\/v2\/comments?post=494739"}],"version-history":[{"count":5,"href":"http:\/\/desarrollo.grupomedios.com\/futbol\/wp-json\/wp\/v2\/posts\/494739\/revisions"}],"predecessor-version":[{"id":494912,"href":"http:\/\/desarrollo.grupomedios.com\/futbol\/wp-json\/wp\/v2\/posts\/494739\/revisions\/494912"}],"wp:featuredmedia":[{"embeddable":true,"href":"http:\/\/desarrollo.grupomedios.com\/futbol\/wp-json\/wp\/v2\/media\/494902"}],"wp:attachment":[{"href":"http:\/\/desarrollo.grupomedios.com\/futbol\/wp-json\/wp\/v2\/media?parent=494739"}],"wp:term":[{"taxonomy":"category","embeddable":true,"href":"http:\/\/desarrollo.grupomedios.com\/futbol\/wp-json\/wp\/v2\/categories?post=494739"},{"taxonomy":"post_tag","embeddable":true,"href":"http:\/\/desarrollo.grupomedios.com\/futbol\/wp-json\/wp\/v2\/tags?post=494739"}],"curies":[{"name":"wp","href":"https:\/\/api.w.org\/{rel}","templated":true}]}}