{"id":494748,"date":"2017-08-18T19:25:20","date_gmt":"2017-08-19T00:25:20","guid":{"rendered":"https:\/\/www.futboltotal.com.mx\/?p=494748"},"modified":"2017-08-18T19:25:20","modified_gmt":"2017-08-19T00:25:20","slug":"castigo-ejemplar-a-medio-que-filtro-video-jair-pereira","status":"publish","type":"post","link":"http:\/\/desarrollo.grupomedios.com\/futbol\/destacado-home\/castigo-ejemplar-a-medio-que-filtro-video-jair-pereira\/2017\/08","title":{"rendered":"Castigo ejemplar a medio que filtr\u00f3 video de Jair Pereira"},"content":{"rendered":"<p>El video donde aparece <strong>Jair Pereira<\/strong> dando un &#8220;zape&#8221; a un compa\u00f1ero durante un entrenamiento de las Chivas ya tuvo consecuencias.<\/p>\n<p>El medio llamado &#8220;<strong>L\u00edderes del Reba\u00f1o<\/strong>&#8221; no tendr\u00e1 acceso a los entrenamientos del Reba\u00f1o Sagrado, despu\u00e9s de que en un comunicado dado a conocer por la cadena ESPN se les inform\u00f3 que &#8220;a partir de esta fecha ning\u00fan integrante de este medio tendr\u00e1 acceso a las instalaciones, debido al manejo de informaci\u00f3n constante que ha afectado la imagen de la instituci\u00f3n&#8221;.<\/p>\n<p style=\"text-align: center;\"><span style=\"color: #333399;\"><a style=\"color: #333399;\" href=\"https:\/\/www.futboltotal.com.mx\/2017\/08\/lo-que-no-te-puedes-perder-de-la-jornada-5-del-apertura-2017\/\">VER M\u00c1S:\u00a0<span class=\"item-title\">Lo que no te puedes perder de la J5 del Apertura 2017<\/span><\/a><\/span><\/p>\n<p>Adem\u00e1s, el comunicado tambi\u00e9n se\u00f1al\u00f3 que las cortes\u00edas que daba el equipo rojiblanco para este medio, que a su vez se regalaban al p\u00fablico, tambi\u00e9n fueron revocadas.<\/p>\n<p><iframe loading=\"lazy\" src=\"https:\/\/www.youtube.com\/embed\/zvtqzlqhD84\" frameborder=\"0\" allowfullscreen=\"allowfullscreen\"><\/iframe><\/p>\n","protected":false},"excerpt":{"rendered":"<p>El medio &#8220;L\u00edderes del Reba\u00f1o&#8221; no podr\u00e1 acceder m\u00e1s a los entrenamientos de las Chivas<\/p>\n","protected":false},"author":20,"featured_media":494749,"comment_status":"closed","ping_status":"closed","sticky":false,"template":"","format":"standard","meta":[],"categories":[5,2198,3845],"tags":[70,955,9809],"_links":{"self":[{"href":"http:\/\/desarrollo.grupomedios.com\/futbol\/wp-json\/wp\/v2\/posts\/494748"}],"collection":[{"href":"http:\/\/desarrollo.grupomedios.com\/futbol\/wp-json\/wp\/v2\/posts"}],"about":[{"href":"http:\/\/desarrollo.grupomedios.com\/futbol\/wp-json\/wp\/v2\/types\/post"}],"author":[{"embeddable":true,"href":"http:\/\/desarrollo.grupomedios.com\/futbol\/wp-json\/wp\/v2\/users\/20"}],"replies":[{"embeddable":true,"href":"http:\/\/desarrollo.grupomedios.com\/futbol\/wp-json\/wp\/v2\/comments?post=494748"}],"version-history":[{"count":1,"href":"http:\/\/desarrollo.grupomedios.com\/futbol\/wp-json\/wp\/v2\/posts\/494748\/revisions"}],"predecessor-version":[{"id":494750,"href":"http:\/\/desarrollo.grupomedios.com\/futbol\/wp-json\/wp\/v2\/posts\/494748\/revisions\/494750"}],"wp:featuredmedia":[{"embeddable":true,"href":"http:\/\/desarrollo.grupomedios.com\/futbol\/wp-json\/wp\/v2\/media\/494749"}],"wp:attachment":[{"href":"http:\/\/desarrollo.grupomedios.com\/futbol\/wp-json\/wp\/v2\/media?parent=494748"}],"wp:term":[{"taxonomy":"category","embeddable":true,"href":"http:\/\/desarrollo.grupomedios.com\/futbol\/wp-json\/wp\/v2\/categories?post=494748"},{"taxonomy":"post_tag","embeddable":true,"href":"http:\/\/desarrollo.grupomedios.com\/futbol\/wp-json\/wp\/v2\/tags?post=494748"}],"curies":[{"name":"wp","href":"https:\/\/api.w.org\/{rel}","templated":true}]}}