{"id":494751,"date":"2017-08-18T19:48:26","date_gmt":"2017-08-19T00:48:26","guid":{"rendered":"https:\/\/www.futboltotal.com.mx\/?p=494751"},"modified":"2017-08-18T19:59:23","modified_gmt":"2017-08-19T00:59:23","slug":"olvidan-a-moises-munoz-en-aeropuerto-guadalajara","status":"publish","type":"post","link":"http:\/\/desarrollo.grupomedios.com\/futbol\/destacado-home\/olvidan-a-moises-munoz-en-aeropuerto-guadalajara\/2017\/08","title":{"rendered":"Olvidan a &#8216;Moi&#8217; Mu\u00f1oz en Aeropuerto de Guadalajara"},"content":{"rendered":"<p>El portero <strong>Mois\u00e9s Mu\u00f1oz<\/strong> sufri\u00f3 una situaci\u00f3n curiosa este viernes cuando La Franja lleg\u00f3 a <strong>Guadalajara<\/strong>.<\/p>\n<p>El equipo poblano parti\u00f3 hacia su hotel de concentraci\u00f3n en la capital tapat\u00eda, pero lo hizo con la baja de &#8216;Moi&#8217; porque&#8230; \u00a1se les olvid\u00f3!<\/p>\n<p>La cadena <em>Fox Sports<\/em> dio a conocer que una camioneta de seguridad privada sali\u00f3 en auxilio del arquero de <strong>Puebla<\/strong>\u00a0y lo llev\u00f3 a encontrarse con sus compa\u00f1eros de nuevo para preparar el juego de este s\u00e1bado contra las Chivas Rayadas del Guadalajara.<\/p>\n<blockquote class=\"twitter-video\" data-lang=\"es\">\n<p dir=\"ltr\" lang=\"es\">Se le fue por segundos&#8230;<\/p>\n<p>El cami\u00f3n del Puebla &#x1f68c; deja a Moi Mu\u00f1oz&#8230; <a href=\"https:\/\/twitter.com\/UpalabraMX\">@UpalabraMX<\/a> <a href=\"https:\/\/t.co\/r8Zg7wTpWO\">pic.twitter.com\/r8Zg7wTpWO<\/a><\/p>\n<p>\u2014 Maria Fernanda Mora (@marifermora90) <a href=\"https:\/\/twitter.com\/marifermora90\/status\/898702924204965888\">19 de agosto de 2017<\/a><\/p><\/blockquote>\n<p><script async src=\"\/\/platform.twitter.com\/widgets.js\" charset=\"utf-8\"><\/script><\/p>\n<blockquote class=\"twitter-video\" data-lang=\"es\">\n<p dir=\"ltr\" lang=\"es\">El Puebla se olvid\u00f3 de Mois\u00e9s Mu\u00f1oz en el Aeropuerto de Guadalajara.<br \/>\nLe dio &#8220;ride&#8221; una camioneta de seguridad privada <a href=\"https:\/\/twitter.com\/UpalabraMX\">@UpalabraMX<\/a> <a href=\"https:\/\/t.co\/9enUL15aKF\">pic.twitter.com\/9enUL15aKF<\/a><\/p>\n<p>\u2014 Maria Fernanda Mora (@marifermora90) <a href=\"https:\/\/twitter.com\/marifermora90\/status\/898698874398932992\">19 de agosto de 2017<\/a><\/p><\/blockquote>\n<p><script async src=\"\/\/platform.twitter.com\/widgets.js\" charset=\"utf-8\"><\/script><\/p>\n","protected":false},"excerpt":{"rendered":"<p>La Franja enfrentar\u00e1 este s\u00e1bado a las Chivas Rayadas<\/p>\n","protected":false},"author":20,"featured_media":494752,"comment_status":"closed","ping_status":"closed","sticky":false,"template":"","format":"standard","meta":[],"categories":[5,2198,3845],"tags":[635,5969],"_links":{"self":[{"href":"http:\/\/desarrollo.grupomedios.com\/futbol\/wp-json\/wp\/v2\/posts\/494751"}],"collection":[{"href":"http:\/\/desarrollo.grupomedios.com\/futbol\/wp-json\/wp\/v2\/posts"}],"about":[{"href":"http:\/\/desarrollo.grupomedios.com\/futbol\/wp-json\/wp\/v2\/types\/post"}],"author":[{"embeddable":true,"href":"http:\/\/desarrollo.grupomedios.com\/futbol\/wp-json\/wp\/v2\/users\/20"}],"replies":[{"embeddable":true,"href":"http:\/\/desarrollo.grupomedios.com\/futbol\/wp-json\/wp\/v2\/comments?post=494751"}],"version-history":[{"count":3,"href":"http:\/\/desarrollo.grupomedios.com\/futbol\/wp-json\/wp\/v2\/posts\/494751\/revisions"}],"predecessor-version":[{"id":494757,"href":"http:\/\/desarrollo.grupomedios.com\/futbol\/wp-json\/wp\/v2\/posts\/494751\/revisions\/494757"}],"wp:featuredmedia":[{"embeddable":true,"href":"http:\/\/desarrollo.grupomedios.com\/futbol\/wp-json\/wp\/v2\/media\/494752"}],"wp:attachment":[{"href":"http:\/\/desarrollo.grupomedios.com\/futbol\/wp-json\/wp\/v2\/media?parent=494751"}],"wp:term":[{"taxonomy":"category","embeddable":true,"href":"http:\/\/desarrollo.grupomedios.com\/futbol\/wp-json\/wp\/v2\/categories?post=494751"},{"taxonomy":"post_tag","embeddable":true,"href":"http:\/\/desarrollo.grupomedios.com\/futbol\/wp-json\/wp\/v2\/tags?post=494751"}],"curies":[{"name":"wp","href":"https:\/\/api.w.org\/{rel}","templated":true}]}}