{"id":494783,"date":"2017-08-19T09:56:37","date_gmt":"2017-08-19T14:56:37","guid":{"rendered":"https:\/\/www.futboltotal.com.mx\/?p=494783"},"modified":"2017-08-19T09:56:37","modified_gmt":"2017-08-19T14:56:37","slug":"marco-fabian-operado-exito","status":"publish","type":"post","link":"http:\/\/desarrollo.grupomedios.com\/futbol\/futbol-internacional\/marco-fabian-operado-exito\/2017\/08","title":{"rendered":"Marco Fabi\u00e1n es operado con \u00e9xito"},"content":{"rendered":"<p>El mediocampista mexicano,<strong> Marco Fabi\u00e1n<\/strong> fue operado con \u00e9xito y comenzar\u00e1 su recuperaci\u00f3n para regresar a las canchas a principios del pr\u00f3ximo a\u00f1o.<\/p>\n<p>Fabi\u00e1n public\u00f3 una carta a trav\u00e9s de sus redes sociales, en la cual agradeci\u00f3 el apoyo recibido e indic\u00f3 que su procedimiento quir\u00fargico fue un &#8220;\u00e9xito total&#8221;.<\/p>\n<p style=\"text-align: center;\"><span style=\"color: #333399;\"><a style=\"color: #333399;\" href=\"https:\/\/www.futboltotal.com.mx\/2017\/08\/no-tuve-que-pensarlo-mucho-para-venir-a-pumas-marcelo-diaz\/\" target=\"_blank\" rel=\"noopener noreferrer\">VER M\u00c1S: No dude en venir a M\u00e9xico: Marcelo D\u00edaz<\/a><\/span><\/p>\n<blockquote><p>&#8220;Quiero agradecerles por la incre\u00edble cantidad de mensajes de apoyo que estoy recibiendo estos d\u00edas&#8221;, se\u00f1al\u00f3 el jugador mexicano.<\/p><\/blockquote>\n<p>&#8220;Agradecer a mi novia, a mi familia, a mis amigos y a mi club que<strong>\u00a0<\/strong>siempre estuvieron conmigo\u00a0en los momentos de m\u00e1s incertidumbre y preocupaci\u00f3n y que me apoyaron\u00a0en esta dif\u00edcil situaci\u00f3n&#8221;, agreg\u00f3 el jugador del <strong>Eintracht Frankfurt<\/strong>.<\/p>\n<p>Por \u00faltimo expres\u00f3 tener fe en que todo saldr\u00e1 bien durante su recuperaci\u00f3n.<\/p>\n<p><a href=\"https:\/\/www.futboltotal.com.mx\/wp-content\/uploads\/2017\/08\/marco-fabian-carta.jpg\"><img decoding=\"async\" loading=\"lazy\" class=\"alignnone size-full wp-image-494785\" src=\"https:\/\/www.futboltotal.com.mx\/wp-content\/uploads\/2017\/08\/marco-fabian-carta.jpg\" alt=\"Marco Fabi\u00e1n es operado con \u00e9xito 0\" srcset=\"http:\/\/desarrollo.grupomedios.com\/futbol\/wp-content\/uploads\/2017\/08\/marco-fabian-carta.jpg 540w, http:\/\/desarrollo.grupomedios.com\/futbol\/wp-content\/uploads\/2017\/08\/marco-fabian-carta-300x279.jpg 300w\" sizes=\"(max-width: 540px) 100vw, 540px\" \/><\/a><\/p>\n<p style=\"text-align: center;\"><span style=\"color: #333399;\"><a style=\"color: #333399;\" href=\"https:\/\/www.futboltotal.com.mx\/2017\/08\/cara-a-cara-cruz-azul-vs-atlas\/\" target=\"_blank\" rel=\"noopener noreferrer\">VER M\u00c1S: Cara a Cara; Cruz Azul vs Atlas \u00bfCon qui\u00e9n te quedas?<\/a><\/span><\/p>\n<p>&nbsp;<\/p>\n<p>&nbsp;<\/p>\n","protected":false},"excerpt":{"rendered":"<p>El mediocampista mexicano tendr\u00e1 que comenzar su recuperaci\u00f3n<\/p>\n","protected":false},"author":20,"featured_media":494786,"comment_status":"closed","ping_status":"closed","sticky":false,"template":"","format":"standard","meta":[],"categories":[3839],"tags":[3588,131],"_links":{"self":[{"href":"http:\/\/desarrollo.grupomedios.com\/futbol\/wp-json\/wp\/v2\/posts\/494783"}],"collection":[{"href":"http:\/\/desarrollo.grupomedios.com\/futbol\/wp-json\/wp\/v2\/posts"}],"about":[{"href":"http:\/\/desarrollo.grupomedios.com\/futbol\/wp-json\/wp\/v2\/types\/post"}],"author":[{"embeddable":true,"href":"http:\/\/desarrollo.grupomedios.com\/futbol\/wp-json\/wp\/v2\/users\/20"}],"replies":[{"embeddable":true,"href":"http:\/\/desarrollo.grupomedios.com\/futbol\/wp-json\/wp\/v2\/comments?post=494783"}],"version-history":[{"count":1,"href":"http:\/\/desarrollo.grupomedios.com\/futbol\/wp-json\/wp\/v2\/posts\/494783\/revisions"}],"predecessor-version":[{"id":494787,"href":"http:\/\/desarrollo.grupomedios.com\/futbol\/wp-json\/wp\/v2\/posts\/494783\/revisions\/494787"}],"wp:featuredmedia":[{"embeddable":true,"href":"http:\/\/desarrollo.grupomedios.com\/futbol\/wp-json\/wp\/v2\/media\/494786"}],"wp:attachment":[{"href":"http:\/\/desarrollo.grupomedios.com\/futbol\/wp-json\/wp\/v2\/media?parent=494783"}],"wp:term":[{"taxonomy":"category","embeddable":true,"href":"http:\/\/desarrollo.grupomedios.com\/futbol\/wp-json\/wp\/v2\/categories?post=494783"},{"taxonomy":"post_tag","embeddable":true,"href":"http:\/\/desarrollo.grupomedios.com\/futbol\/wp-json\/wp\/v2\/tags?post=494783"}],"curies":[{"name":"wp","href":"https:\/\/api.w.org\/{rel}","templated":true}]}}