{"id":494788,"date":"2017-08-19T10:20:06","date_gmt":"2017-08-19T15:20:06","guid":{"rendered":"https:\/\/www.futboltotal.com.mx\/?p=494788"},"modified":"2017-08-19T10:20:06","modified_gmt":"2017-08-19T15:20:06","slug":"xolos-cerca-amarrar-a-juan-iturbe-miller-bolanos","status":"publish","type":"post","link":"http:\/\/desarrollo.grupomedios.com\/futbol\/destacado-home\/xolos-cerca-amarrar-a-juan-iturbe-miller-bolanos\/2017\/08","title":{"rendered":"Xolos, cerca de &#8216;amarrar&#8217; a Juan Iturbe y Miller Bola\u00f1os"},"content":{"rendered":"<p>El t\u00e9cnico de <strong>Xolos de Tijuana<\/strong>, <strong>Eduardo Coudet<\/strong>, confirm\u00f3 que los fichajes de\u00a0<b>\u00a0Juan Iturbe<\/b>\u00a0y\u00a0<b>Miller Bola\u00f1os<\/b>\u00a0est\u00e1n cerca de consumarse.<\/p>\n<blockquote><p>&#8220;<strong>Todav\u00eda no est\u00e1 abrochado<\/strong> (Iturbe) por decirlo de alguna manera, pero hay mucha chance, es un jugador importante de gran nivel internacional y que por suerte est\u00e1 con muchas ganas de venir\u00a0y entusiasmado. Despu\u00e9s veremos con el trabajo en d\u00f3nde lo podemos utilizar, pero indudablemente es un jugador importante&#8221;, expres\u00f3 en conferencia de prensa.<\/p><\/blockquote>\n<p style=\"text-align: center;\"><span style=\"color: #000080;\"><a style=\"color: #000080;\" href=\"https:\/\/www.futboltotal.com.mx\/2017\/08\/no-tuve-que-pensarlo-mucho-para-venir-a-pumas-marcelo-diaz\/\" target=\"_blank\" rel=\"noopener noreferrer\">VER M\u00c1S: No dud\u00e9 para venir a M\u00e9xico: Marcelo D\u00edaz<\/a><\/span><\/p>\n<blockquote><p>&#8220;En cuanto a\u00a0<b>Miller Bola\u00f1os<\/b>\u00a0la directiva se est\u00e1 moviendo bastante bien y hasta los primeros d\u00edas de septiembre est\u00e1 abierto el mercado en muchos lugares, tenemos que terminar de armarnos&#8221;, concluy\u00f3.<\/p><\/blockquote>\n<p>Xolos derrot\u00f3 a<strong> Santos<\/strong> por marcador de 2-0 y se sacudi\u00f3 la racha sin ganar y anotar que ven\u00eda arrastrando.<\/p>\n<p style=\"text-align: center;\"><span style=\"color: #000080;\"><a style=\"color: #000080;\" href=\"https:\/\/www.futboltotal.com.mx\/2017\/08\/marco-fabian-operado-exito\/\" target=\"_blank\" rel=\"noopener noreferrer\">VER M\u00c1S: Marco Fabi\u00e1n es operado con \u00e9xtio<\/a><\/span><\/p>\n<p>&nbsp;<\/p>\n","protected":false},"excerpt":{"rendered":"<p>Los Xolos buscan reforzarse en el ataque<\/p>\n","protected":false},"author":20,"featured_media":488520,"comment_status":"closed","ping_status":"closed","sticky":false,"template":"","format":"standard","meta":[],"categories":[5,2198,3845],"tags":[8357,9795,64,6568,1673],"_links":{"self":[{"href":"http:\/\/desarrollo.grupomedios.com\/futbol\/wp-json\/wp\/v2\/posts\/494788"}],"collection":[{"href":"http:\/\/desarrollo.grupomedios.com\/futbol\/wp-json\/wp\/v2\/posts"}],"about":[{"href":"http:\/\/desarrollo.grupomedios.com\/futbol\/wp-json\/wp\/v2\/types\/post"}],"author":[{"embeddable":true,"href":"http:\/\/desarrollo.grupomedios.com\/futbol\/wp-json\/wp\/v2\/users\/20"}],"replies":[{"embeddable":true,"href":"http:\/\/desarrollo.grupomedios.com\/futbol\/wp-json\/wp\/v2\/comments?post=494788"}],"version-history":[{"count":1,"href":"http:\/\/desarrollo.grupomedios.com\/futbol\/wp-json\/wp\/v2\/posts\/494788\/revisions"}],"predecessor-version":[{"id":494790,"href":"http:\/\/desarrollo.grupomedios.com\/futbol\/wp-json\/wp\/v2\/posts\/494788\/revisions\/494790"}],"wp:featuredmedia":[{"embeddable":true,"href":"http:\/\/desarrollo.grupomedios.com\/futbol\/wp-json\/wp\/v2\/media\/488520"}],"wp:attachment":[{"href":"http:\/\/desarrollo.grupomedios.com\/futbol\/wp-json\/wp\/v2\/media?parent=494788"}],"wp:term":[{"taxonomy":"category","embeddable":true,"href":"http:\/\/desarrollo.grupomedios.com\/futbol\/wp-json\/wp\/v2\/categories?post=494788"},{"taxonomy":"post_tag","embeddable":true,"href":"http:\/\/desarrollo.grupomedios.com\/futbol\/wp-json\/wp\/v2\/tags?post=494788"}],"curies":[{"name":"wp","href":"https:\/\/api.w.org\/{rel}","templated":true}]}}