{"id":494807,"date":"2017-08-19T10:50:19","date_gmt":"2017-08-19T15:50:19","guid":{"rendered":"https:\/\/www.futboltotal.com.mx\/?p=494807"},"modified":"2017-08-19T11:57:22","modified_gmt":"2017-08-19T16:57:22","slug":"juan-carlos-osorio-habla-caso-rafa-marquez","status":"publish","type":"post","link":"http:\/\/desarrollo.grupomedios.com\/futbol\/destacado-home\/juan-carlos-osorio-habla-caso-rafa-marquez\/2017\/08","title":{"rendered":"Juan Carlos Osorio habla sobre caso Rafa M\u00e1rquez"},"content":{"rendered":"<p>El estratega de la <strong>Selecci\u00f3n Mexicana<\/strong>, <strong>Juan Carlos Osorio<\/strong> habl\u00f3 por primera vez la situaci\u00f3n que vive el defensa central, <strong>Rafael M\u00e1rquez,<\/strong> quien est\u00e1 implicado con el narcotr\u00e1fico de acuerdo al <strong>Departamento del Tesoro de los Estados Unidos<\/strong>.<\/p>\n<blockquote><p>\u201cRafael merece ser escuchado y que nos enteremos de su versi\u00f3n; ese es el plan que tenemos. Es una situaci\u00f3n delicada, estoy esperando a regresar a M\u00e9xico para conversar con \u00e9l personalmente, es un \u00edcono del f\u00fatbol mexicano y un jugador que todav\u00eda le aporta mucho a la selecci\u00f3n\u201d, expres\u00f3 el estratega para la emisora\u00a0<em>Blu Radio.<\/em><\/p><\/blockquote>\n<p style=\"text-align: center;\"><span style=\"color: #333399;\"><a style=\"color: #333399;\" href=\"https:\/\/www.futboltotal.com.mx\/2017\/08\/chicharito-anota-doblete-west-ham-pierde\/\" target=\"_blank\" rel=\"noopener noreferrer\">VER M\u00c1S: Chicharito anota doblete en derrota de West Ham<\/a><\/span><\/p>\n<p>Por otro lado, al respecto de las cr\u00edticas que sufri\u00f3 luego de los dos torneos que vivi\u00f3 con el Tri; <strong>Copa Confederaciones<\/strong> y<strong> Copa Oro<\/strong>, el estratega indic\u00f3 que prefiere hacer caso omiso.<\/p>\n<p>\u201cCreo que el f\u00fatbol es de ocuparse en las cosas que uno puede tener influencia. Trato de ocuparme en la idea de juego y en tratar de competir de igual a igual ante cualquier rival. Hay hechos ciertos en el f\u00fatbol y ya lo dem\u00e1s es de apreciaci\u00f3n.<\/p>\n<blockquote><p>\u201cAl final sirve de mucho y de todo, porque el f\u00fatbol, como juego que es muy subjetivo en cuanto a opiniones e interpretaciones, en la medida que uno pueda entender, controlar sus emociones y aceptar todo ese tipo de cr\u00edticas, yo creo que se est\u00e1 mejorando y en esa tarea estamos\u201d, finaliz\u00f3.<\/p><\/blockquote>\n<p style=\"text-align: center;\"><span style=\"color: #333399;\"><a style=\"color: #333399;\" href=\"https:\/\/www.futboltotal.com.mx\/2017\/08\/xolos-cerca-amarrar-a-juan-iturbe-miller-bolanos\/\" target=\"_blank\" rel=\"noopener noreferrer\">VER M\u00c1S: Xolos, cerca de amarrar a 2 futbolistas de primer nivel<\/a><\/span><\/p>\n","protected":false},"excerpt":{"rendered":"<p>El estratega quiere que el defensa siga aportando en selecci\u00f3n<\/p>\n","protected":false},"author":20,"featured_media":471386,"comment_status":"closed","ping_status":"closed","sticky":false,"template":"","format":"standard","meta":[],"categories":[5,2198,3847],"tags":[6196,65,4358,409],"_links":{"self":[{"href":"http:\/\/desarrollo.grupomedios.com\/futbol\/wp-json\/wp\/v2\/posts\/494807"}],"collection":[{"href":"http:\/\/desarrollo.grupomedios.com\/futbol\/wp-json\/wp\/v2\/posts"}],"about":[{"href":"http:\/\/desarrollo.grupomedios.com\/futbol\/wp-json\/wp\/v2\/types\/post"}],"author":[{"embeddable":true,"href":"http:\/\/desarrollo.grupomedios.com\/futbol\/wp-json\/wp\/v2\/users\/20"}],"replies":[{"embeddable":true,"href":"http:\/\/desarrollo.grupomedios.com\/futbol\/wp-json\/wp\/v2\/comments?post=494807"}],"version-history":[{"count":1,"href":"http:\/\/desarrollo.grupomedios.com\/futbol\/wp-json\/wp\/v2\/posts\/494807\/revisions"}],"predecessor-version":[{"id":494808,"href":"http:\/\/desarrollo.grupomedios.com\/futbol\/wp-json\/wp\/v2\/posts\/494807\/revisions\/494808"}],"wp:featuredmedia":[{"embeddable":true,"href":"http:\/\/desarrollo.grupomedios.com\/futbol\/wp-json\/wp\/v2\/media\/471386"}],"wp:attachment":[{"href":"http:\/\/desarrollo.grupomedios.com\/futbol\/wp-json\/wp\/v2\/media?parent=494807"}],"wp:term":[{"taxonomy":"category","embeddable":true,"href":"http:\/\/desarrollo.grupomedios.com\/futbol\/wp-json\/wp\/v2\/categories?post=494807"},{"taxonomy":"post_tag","embeddable":true,"href":"http:\/\/desarrollo.grupomedios.com\/futbol\/wp-json\/wp\/v2\/tags?post=494807"}],"curies":[{"name":"wp","href":"https:\/\/api.w.org\/{rel}","templated":true}]}}