{"id":494827,"date":"2017-08-19T13:55:15","date_gmt":"2017-08-19T18:55:15","guid":{"rendered":"https:\/\/www.futboltotal.com.mx\/?p=494827"},"modified":"2017-08-19T14:03:43","modified_gmt":"2017-08-19T19:03:43","slug":"futbolista-mexicano-deja-al-real-madrid-llega-a-benfica","status":"publish","type":"post","link":"http:\/\/desarrollo.grupomedios.com\/futbol\/futbol-internacional\/futbolista-mexicano-deja-al-real-madrid-llega-a-benfica\/2017\/08","title":{"rendered":"Futbolista mexicano deja al Real Madrid y llega a Benfica"},"content":{"rendered":"<p><strong>Paolo Medina<\/strong>, futbolista veracruzano que estuviera 8 a\u00f1os con el <strong>Real Madrid<\/strong>, anunci\u00f3 que dejar\u00eda a la entidad merengue para llegar al Benfica de Portugal, de acuerdo con <em>Mediotiempo <\/em>y al diario<em> O Jogo.<\/em><\/p>\n<p style=\"text-align: center;\"><span style=\"color: #333399;\"><a style=\"color: #333399;\" href=\"https:\/\/www.futboltotal.com.mx\/2017\/08\/chicharito-anota-doblete-west-ham-pierde\/\" target=\"_blank\" rel=\"noopener noreferrer\">VER M\u00c1S: Chicharito marca doblete con el West Ham<\/a><\/span><\/p>\n<p>El lateral derecho de 17 a\u00f1os, que ha sido convocado para diferentes proceso del Tri, envi\u00f3 una carta de despedida para el Real Madrid a trav\u00e9s de sus redes sociales.<\/p>\n<blockquote class=\"instagram-media\" style=\"background: #FFF; border: 0; border-radius: 3px; box-shadow: 0 0 1px 0 rgba(0,0,0,0.5),0 1px 10px 0 rgba(0,0,0,0.15); margin: 1px; max-width: 658px; padding: 0; width: calc(100% - 2px);\" data-instgrm-captioned=\"\" data-instgrm-version=\"7\">\n<div style=\"padding: 8px;\">\n<div style=\"background: #F8F8F8; line-height: 0; margin-top: 40px; padding: 50% 0; text-align: center; width: 100%;\"><\/div>\n<p style=\"margin: 8px 0 0 0; padding: 0 4px;\"><a style=\"color: #000; font-family: Arial,sans-serif; font-size: 14px; font-style: normal; font-weight: normal; line-height: 17px; text-decoration: none; word-wrap: break-word;\" href=\"https:\/\/www.instagram.com\/p\/BX-oIZ9gfep\/\" target=\"_blank\" rel=\"noopener noreferrer\">Tras 8 grandes a\u00f1os en el club de mi vida, finaliza una etapa de la que estoy totalmente orgulloso. Quiero agradecerles la formaci\u00f3n y los valores que he aprendido como persona y futbolista que me han hecho madurar y crecer dia tras dia hasta el dia de hoy. Me llevo grandes amigos y recuerdos durante estas 8 temporadas (Entrenadores, fisios, utilleros&#8230;) Gracias por todo Madrid!!<\/a><\/p>\n<p style=\"color: #c9c8cd; font-family: Arial,sans-serif; font-size: 14px; line-height: 17px; margin-bottom: 0; margin-top: 8px; overflow: hidden; padding: 8px 0 7px; text-align: center; text-overflow: ellipsis; white-space: nowrap;\">Una publicaci\u00f3n compartida de Paolo Medina (@paolomedina2) el <time style=\"font-family: Arial,sans-serif; font-size: 14px; line-height: 17px;\" datetime=\"2017-08-19T14:21:54+00:00\">19 de Ago de 2017 a la(s) 7:21 PDT<\/time><\/p>\n<\/div>\n<\/blockquote>\n<p><script async defer src=\"\/\/platform.instagram.com\/en_US\/embeds.js\"><\/script><\/p>\n<p>Luego de estar con el Real Madrid desde los 10 a\u00f1os, ya no encontr\u00f3 acomodo dentro del plantel de los merengues, por lo que decidieron darle salida para que pueda continuar su carrera.<\/p>\n<p style=\"text-align: center;\"><span style=\"color: #333399;\"><a style=\"color: #333399;\" href=\"https:\/\/www.futboltotal.com.mx\/2017\/08\/pachuca-humilla-a-cruz-azul-le-anota-9-goles-en-liga-femenil-mx\/\" target=\"_blank\" rel=\"noopener noreferrer\">VER M\u00c1S: Pachuca humilla a Cruz Azul en Liga Femenil MX<\/a><\/span><\/p>\n<p>&nbsp;<\/p>\n","protected":false},"excerpt":{"rendered":"<p>Medina seguir\u00e1 su carrera en el futbol de Portugal<\/p>\n","protected":false},"author":20,"featured_media":428513,"comment_status":"closed","ping_status":"closed","sticky":false,"template":"","format":"standard","meta":[],"categories":[3839],"tags":[6060,7419,5988],"_links":{"self":[{"href":"http:\/\/desarrollo.grupomedios.com\/futbol\/wp-json\/wp\/v2\/posts\/494827"}],"collection":[{"href":"http:\/\/desarrollo.grupomedios.com\/futbol\/wp-json\/wp\/v2\/posts"}],"about":[{"href":"http:\/\/desarrollo.grupomedios.com\/futbol\/wp-json\/wp\/v2\/types\/post"}],"author":[{"embeddable":true,"href":"http:\/\/desarrollo.grupomedios.com\/futbol\/wp-json\/wp\/v2\/users\/20"}],"replies":[{"embeddable":true,"href":"http:\/\/desarrollo.grupomedios.com\/futbol\/wp-json\/wp\/v2\/comments?post=494827"}],"version-history":[{"count":3,"href":"http:\/\/desarrollo.grupomedios.com\/futbol\/wp-json\/wp\/v2\/posts\/494827\/revisions"}],"predecessor-version":[{"id":494830,"href":"http:\/\/desarrollo.grupomedios.com\/futbol\/wp-json\/wp\/v2\/posts\/494827\/revisions\/494830"}],"wp:featuredmedia":[{"embeddable":true,"href":"http:\/\/desarrollo.grupomedios.com\/futbol\/wp-json\/wp\/v2\/media\/428513"}],"wp:attachment":[{"href":"http:\/\/desarrollo.grupomedios.com\/futbol\/wp-json\/wp\/v2\/media?parent=494827"}],"wp:term":[{"taxonomy":"category","embeddable":true,"href":"http:\/\/desarrollo.grupomedios.com\/futbol\/wp-json\/wp\/v2\/categories?post=494827"},{"taxonomy":"post_tag","embeddable":true,"href":"http:\/\/desarrollo.grupomedios.com\/futbol\/wp-json\/wp\/v2\/tags?post=494827"}],"curies":[{"name":"wp","href":"https:\/\/api.w.org\/{rel}","templated":true}]}}