{"id":494832,"date":"2017-08-19T14:24:31","date_gmt":"2017-08-19T19:24:31","guid":{"rendered":"https:\/\/www.futboltotal.com.mx\/?p=494832"},"modified":"2017-08-19T14:24:31","modified_gmt":"2017-08-19T19:24:31","slug":"eres-una-pistola-miguel-layun-a-chicharito","status":"publish","type":"post","link":"http:\/\/desarrollo.grupomedios.com\/futbol\/destacado-home\/eres-una-pistola-miguel-layun-a-chicharito\/2017\/08","title":{"rendered":"&#8220;Eres una pistola&#8221;: Miguel Lay\u00fan a Chicharito"},"content":{"rendered":"<p><strong>Miguel Lay\u00fan<\/strong> felicit\u00f3 a Javier Hern\u00e1ndez de una forma muy particular, despu\u00e9s del doblete conseguido con el <strong>West Ham<\/strong>.<\/p>\n<p>Lay\u00fan public\u00f3 en su cuenta de Twitter un mensaje donde adula al <strong>&#8216;Chicharito&#8217;<\/strong> por su inicio goleador en la temporada 2017 de la Premier League.<\/p>\n<p>Este fue el mensaje de Lay\u00fan al &#8216;Chicharito&#8217;.<\/p>\n<blockquote class=\"twitter-tweet\" data-lang=\"es\">\n<p dir=\"ltr\" lang=\"es\">Doblete <a href=\"https:\/\/twitter.com\/CH14_\">@CH14_<\/a> ??? Ya de esas hermano jajajaja, eres una &#x1f52b; !!<\/p>\n<p>\u2014 Miguel Layun (@Miguel_layun) <a href=\"https:\/\/twitter.com\/Miguel_layun\/status\/898946149230428160\">19 de agosto de 2017<\/a><\/p><\/blockquote>\n<p><script async src=\"\/\/platform.twitter.com\/widgets.js\" charset=\"utf-8\"><\/script><\/p>\n","protected":false},"excerpt":{"rendered":"<p>El defensa mexicano alab\u00f3 el olfato goleador del ariete azteca<\/p>\n","protected":false},"author":20,"featured_media":494834,"comment_status":"closed","ping_status":"closed","sticky":false,"template":"","format":"standard","meta":[],"categories":[5,3839,3846],"tags":[120,1035],"_links":{"self":[{"href":"http:\/\/desarrollo.grupomedios.com\/futbol\/wp-json\/wp\/v2\/posts\/494832"}],"collection":[{"href":"http:\/\/desarrollo.grupomedios.com\/futbol\/wp-json\/wp\/v2\/posts"}],"about":[{"href":"http:\/\/desarrollo.grupomedios.com\/futbol\/wp-json\/wp\/v2\/types\/post"}],"author":[{"embeddable":true,"href":"http:\/\/desarrollo.grupomedios.com\/futbol\/wp-json\/wp\/v2\/users\/20"}],"replies":[{"embeddable":true,"href":"http:\/\/desarrollo.grupomedios.com\/futbol\/wp-json\/wp\/v2\/comments?post=494832"}],"version-history":[{"count":2,"href":"http:\/\/desarrollo.grupomedios.com\/futbol\/wp-json\/wp\/v2\/posts\/494832\/revisions"}],"predecessor-version":[{"id":494836,"href":"http:\/\/desarrollo.grupomedios.com\/futbol\/wp-json\/wp\/v2\/posts\/494832\/revisions\/494836"}],"wp:featuredmedia":[{"embeddable":true,"href":"http:\/\/desarrollo.grupomedios.com\/futbol\/wp-json\/wp\/v2\/media\/494834"}],"wp:attachment":[{"href":"http:\/\/desarrollo.grupomedios.com\/futbol\/wp-json\/wp\/v2\/media?parent=494832"}],"wp:term":[{"taxonomy":"category","embeddable":true,"href":"http:\/\/desarrollo.grupomedios.com\/futbol\/wp-json\/wp\/v2\/categories?post=494832"},{"taxonomy":"post_tag","embeddable":true,"href":"http:\/\/desarrollo.grupomedios.com\/futbol\/wp-json\/wp\/v2\/tags?post=494832"}],"curies":[{"name":"wp","href":"https:\/\/api.w.org\/{rel}","templated":true}]}}