{"id":494837,"date":"2017-08-19T14:48:23","date_gmt":"2017-08-19T19:48:23","guid":{"rendered":"https:\/\/www.futboltotal.com.mx\/?p=494837"},"modified":"2017-08-19T14:48:23","modified_gmt":"2017-08-19T19:48:23","slug":"juventus-inicia-con-goleada-en-la-serie-a","status":"publish","type":"post","link":"http:\/\/desarrollo.grupomedios.com\/futbol\/futbol-internacional\/juventus-inicia-con-goleada-en-la-serie-a\/2017\/08","title":{"rendered":"Juventus inicia con goleada en la Serie A"},"content":{"rendered":"<p><strong>Juventus<\/strong> gole\u00f3 3-0 al <strong>Cagliari<\/strong> este s\u00e1bado en su debut en la nueva <strong>Serie A<\/strong> en un partido en el que la pareja de argentinos Paulo Dybala y Gonzalo Higua\u00edn fueron protagonistas con un gol cada uno.<\/p>\n<p>Tras perder la Supercopa italiana el pasado domingo contra el Lazio, el Juventus, seis veces consecutivas campe\u00f3n liguero, impuso su ley y gole\u00f3 a un Cagliari valiente, que desaprovech\u00f3 una pena m\u00e1xima cuando iba perdiendo 0-1.<\/p>\n<p>La pareja Higua\u00edn-Dybala, apodada &#8220;HD&#8221; en Italia por las iniciales de los dos futbolistas, empez\u00f3 el a\u00f1o de la mejor forma, tras terminar el anterior con 32 y 19 dianas, respectivamente.<\/p>\n<p style=\"text-align: center;\"><span style=\"color: #333399;\"><a style=\"color: #333399;\" href=\"https:\/\/www.futboltotal.com.mx\/2017\/08\/eres-una-pistola-miguel-layun-a-chicharito\/\">VER M\u00c1S &#8211;\u00a0<span class=\"item-title\" style=\"color: #333399;\">\u201cEres una pistola\u201d: Miguel Lay\u00fan a Chicharito<\/span><\/a><\/span><\/p>\n<p style=\"text-align: left;\">El conjunto turin\u00e9s arriesg\u00f3 mucho defensivamente en la primera mitad, pero a pesar de eso logr\u00f3 aprovechar al m\u00e1ximo sus ocasiones y se fue al descanso por delante 2-0 gracias al internacional croata Mandzukic y a la &#8220;Joya&#8221; Dybala.<\/p>\n<p>Con el resultado de 1-0, el Cagliari dispuso de un penalti, que fue pitado a trav\u00e9s de la VAR (\u00c1rbitros Asistentes de V\u00eddeo), pero el portero del Juventus Gianluigi Buffon par\u00f3 el d\u00e9bil y central disparo del brasile\u00f1o Diego Far\u00edas.<\/p>\n<p>Cuando el encuentro parec\u00eda encaminado hacia el 1-0 al descanso, Dybala control\u00f3 un gran pase al hueco del bosnio Miralem Pjanic y defini\u00f3 con un zurdazo en la escuadra (2-0).<\/p>\n<p style=\"text-align: left;\"><span style=\"color: #333399;\"><a style=\"color: #333399;\" href=\"https:\/\/www.futboltotal.com.mx\/2017\/08\/andres-guardado-elegido-uno-los-capitanes-del-betis\/\">VER M\u00c1S:\u00a0<span class=\"item-title\">Andr\u00e9s Guardado, elegido como uno de los capitanes del Betis<\/span><\/a><\/span><\/p>\n<p>La segunda diana frustr\u00f3 las ambiciones de un Cagliari que encaj\u00f3 en la reanudaci\u00f3n el tercer y definitivo tanto: Higua\u00edn recibi\u00f3 un centro del brasile\u00f1o \u00c1lex Sandro y bati\u00f3 al portero con un disparo cruzado de zurda.<\/p>\n<p>El programa de la primera jornada de la Serie A seguir\u00e1 esta noche con el N\u00e1poles de los espa\u00f1oles Pepe Reina, Ra\u00fal Albiol y Jos\u00e9 Callej\u00f3n que visitar\u00e1n el campo del ascendido Hellas Verona.<\/p>\n","protected":false},"excerpt":{"rendered":"<p>La &#8216;Vecchia Signora&#8217; comenz\u00f3 con un paso imponente desde la primera fecha<\/p>\n","protected":false},"author":20,"featured_media":494839,"comment_status":"closed","ping_status":"closed","sticky":false,"template":"","format":"standard","meta":[],"categories":[3839,3848],"tags":[1903,5999,5958],"_links":{"self":[{"href":"http:\/\/desarrollo.grupomedios.com\/futbol\/wp-json\/wp\/v2\/posts\/494837"}],"collection":[{"href":"http:\/\/desarrollo.grupomedios.com\/futbol\/wp-json\/wp\/v2\/posts"}],"about":[{"href":"http:\/\/desarrollo.grupomedios.com\/futbol\/wp-json\/wp\/v2\/types\/post"}],"author":[{"embeddable":true,"href":"http:\/\/desarrollo.grupomedios.com\/futbol\/wp-json\/wp\/v2\/users\/20"}],"replies":[{"embeddable":true,"href":"http:\/\/desarrollo.grupomedios.com\/futbol\/wp-json\/wp\/v2\/comments?post=494837"}],"version-history":[{"count":1,"href":"http:\/\/desarrollo.grupomedios.com\/futbol\/wp-json\/wp\/v2\/posts\/494837\/revisions"}],"predecessor-version":[{"id":494841,"href":"http:\/\/desarrollo.grupomedios.com\/futbol\/wp-json\/wp\/v2\/posts\/494837\/revisions\/494841"}],"wp:featuredmedia":[{"embeddable":true,"href":"http:\/\/desarrollo.grupomedios.com\/futbol\/wp-json\/wp\/v2\/media\/494839"}],"wp:attachment":[{"href":"http:\/\/desarrollo.grupomedios.com\/futbol\/wp-json\/wp\/v2\/media?parent=494837"}],"wp:term":[{"taxonomy":"category","embeddable":true,"href":"http:\/\/desarrollo.grupomedios.com\/futbol\/wp-json\/wp\/v2\/categories?post=494837"},{"taxonomy":"post_tag","embeddable":true,"href":"http:\/\/desarrollo.grupomedios.com\/futbol\/wp-json\/wp\/v2\/tags?post=494837"}],"curies":[{"name":"wp","href":"https:\/\/api.w.org\/{rel}","templated":true}]}}