{"id":494866,"date":"2017-08-19T17:08:41","date_gmt":"2017-08-19T22:08:41","guid":{"rendered":"https:\/\/www.futboltotal.com.mx\/?p=494866"},"modified":"2017-08-19T17:08:41","modified_gmt":"2017-08-19T22:08:41","slug":"raul-jimenez-luce-en-goleada-del-benfica","status":"publish","type":"post","link":"http:\/\/desarrollo.grupomedios.com\/futbol\/futbol-internacional\/raul-jimenez-luce-en-goleada-del-benfica\/2017\/08","title":{"rendered":"Ra\u00fal Jim\u00e9nez luce en goleada del Benfica"},"content":{"rendered":"<p>El conjunto del <strong>Benfica<\/strong>, campe\u00f3n de las \u00faltimas cuatro ligas portuguesas, gan\u00f3 con facilidad el derbi que le enfrentaba al <strong>Belenenses<\/strong> en el Estadio da Luz (5-0), y se situ\u00f3 en lo alto de la clasificaci\u00f3n, ya que sus tres partidos ligueros los cuenta como victorias.<\/p>\n<p>El primer gol, en el minuto dos, obra del brasile\u00f1o Jonas, que marc\u00f3 de cabeza para encarrilar el partido. El argentino &#8220;Toto&#8221; Salvio en el 28 y el suizo Seferovic en el 33 rematar\u00edan un marcador en la primera parte.<\/p>\n<p>En el segundo tiempo, ya en el descuento, Jonas anot\u00f3 los dos tantos que supusieron su primer &#8220;hat trick&#8221; liguero en esta temporada y el definitivo 5-0.<\/p>\n<p style=\"text-align: center;\"><span style=\"color: #333399;\"><a style=\"color: #333399;\" href=\"https:\/\/www.futboltotal.com.mx\/2017\/08\/atletico-le-quita-la-gloria-al-girona\/\">VER M\u00c1S:\u00a0<span class=\"item-title\">Atl\u00e9tico de Madrid le quita la gloria al Girona<\/span><\/a><\/span><\/p>\n<p>A falta de lo que haga ma\u00f1ana el Oporto, que gan\u00f3 sus dos primeros encuentros, lideran la clasificaci\u00f3n del torneo portugu\u00e9s el Sporting, Rio Ave y Benfica, los tres con nueve puntos.<\/p>\n<p>El Sporting de Portugal, donde esta temporada militan jugadores como Fabio Coentrao o Mathiey, ex del Madrid y del Barcelona, respectivamente, certific\u00f3 hoy su buen arranque liguero tras golear al potente Vit\u00f3ria de Guimaraes -cuarto en la pasada liga- por cuatro goles a cero.<\/p>\n<p>En esta tercera jornada, el conjunto luso del Rio Ave confirm\u00f3 ayer que quiere estar en lo m\u00e1s alto de la clasificaci\u00f3n tras derrotar por 2-0 al reci\u00e9n ascendido Portimonense, por lo que todos sus partidos los cuenta como victorias.<\/p>\n<p style=\"text-align: center;\"><span style=\"color: #333399;\"><a style=\"color: #333399;\" href=\"https:\/\/www.futboltotal.com.mx\/2017\/08\/los-memes-la-humillacion-cruz-azul-femenil\/\">VER M\u00c1S:\u00a0<span class=\"item-title\">Los memes de la humillaci\u00f3n de Cruz Azul femenil<\/span><\/a><\/span><\/p>\n<p>Por su parte, el Estoril venci\u00f3 por 2-3 al modesto conjunto portugu\u00e9s del Tondela, que un a\u00f1o m\u00e1s tiene como objetivo eludir el descenso.<\/p>\n","protected":false},"excerpt":{"rendered":"<p>El delantero mexicano dio dos pases para gol en el triunfo de las \u00c1guilas<\/p>\n","protected":false},"author":20,"featured_media":494867,"comment_status":"closed","ping_status":"closed","sticky":false,"template":"","format":"standard","meta":[],"categories":[3839],"tags":[6060,742],"_links":{"self":[{"href":"http:\/\/desarrollo.grupomedios.com\/futbol\/wp-json\/wp\/v2\/posts\/494866"}],"collection":[{"href":"http:\/\/desarrollo.grupomedios.com\/futbol\/wp-json\/wp\/v2\/posts"}],"about":[{"href":"http:\/\/desarrollo.grupomedios.com\/futbol\/wp-json\/wp\/v2\/types\/post"}],"author":[{"embeddable":true,"href":"http:\/\/desarrollo.grupomedios.com\/futbol\/wp-json\/wp\/v2\/users\/20"}],"replies":[{"embeddable":true,"href":"http:\/\/desarrollo.grupomedios.com\/futbol\/wp-json\/wp\/v2\/comments?post=494866"}],"version-history":[{"count":1,"href":"http:\/\/desarrollo.grupomedios.com\/futbol\/wp-json\/wp\/v2\/posts\/494866\/revisions"}],"predecessor-version":[{"id":494868,"href":"http:\/\/desarrollo.grupomedios.com\/futbol\/wp-json\/wp\/v2\/posts\/494866\/revisions\/494868"}],"wp:featuredmedia":[{"embeddable":true,"href":"http:\/\/desarrollo.grupomedios.com\/futbol\/wp-json\/wp\/v2\/media\/494867"}],"wp:attachment":[{"href":"http:\/\/desarrollo.grupomedios.com\/futbol\/wp-json\/wp\/v2\/media?parent=494866"}],"wp:term":[{"taxonomy":"category","embeddable":true,"href":"http:\/\/desarrollo.grupomedios.com\/futbol\/wp-json\/wp\/v2\/categories?post=494866"},{"taxonomy":"post_tag","embeddable":true,"href":"http:\/\/desarrollo.grupomedios.com\/futbol\/wp-json\/wp\/v2\/tags?post=494866"}],"curies":[{"name":"wp","href":"https:\/\/api.w.org\/{rel}","templated":true}]}}