{"id":494966,"date":"2017-08-20T09:37:33","date_gmt":"2017-08-20T14:37:33","guid":{"rendered":"https:\/\/www.futboltotal.com.mx\/?p=494966"},"modified":"2017-08-20T09:37:33","modified_gmt":"2017-08-20T14:37:33","slug":"charlyn-corral-se-lucio-triplete-en-levante","status":"publish","type":"post","link":"http:\/\/desarrollo.grupomedios.com\/futbol\/futbol-mexicano\/charlyn-corral-se-lucio-triplete-en-levante\/2017\/08","title":{"rendered":"Charlyn Corral se luci\u00f3 con triplete en el Levante"},"content":{"rendered":"<p>La delantera mexicana, <strong>Charlyn Corral<\/strong>, se luci\u00f3 con un triplete para que el <strong>Levante UD Femenino<\/strong> venciera 3-2 al UD Aldaida en un partido amistoso rumbo a la temporada 2017-18 de la Liga de Espa\u00f1a.<\/p>\n<blockquote class=\"twitter-tweet\" data-width=\"500\">\n<p lang=\"en\" dir=\"ltr\">FINAL | <a href=\"https:\/\/twitter.com\/hashtag\/LevanteUDFemenino?src=hash\">#LevanteUDFemenino<\/a> 3-2 <a href=\"https:\/\/twitter.com\/UDAldaiaCF_Fem\">@UDAldaiaCF_Fem<\/a> <br \/>\u26bd\u26bd\u26bd <a href=\"https:\/\/twitter.com\/CharlynCorral\">@CharlynCorral<\/a> <a href=\"https:\/\/t.co\/dkpQQ7QiwJ\">pic.twitter.com\/dkpQQ7QiwJ<\/a><\/p>\n<p>&mdash; Levante UD Femenino (@LUDfemenino) <a href=\"https:\/\/twitter.com\/LUDfemenino\/status\/898980444724744198\">August 19, 2017<\/a><\/p><\/blockquote>\n<p><script async src=\"\/\/platform.twitter.com\/widgets.js\" charset=\"utf-8\"><\/script><\/p>\n<p>El Levante se mostr\u00f3 bien y parece listo para comenzar la liga dentro de dos semanas, con la artillera mexicana en forma, como lo demuestran sus anotaciones, todas logradas en la primera parte.<\/p>\n<p>Las dirigidas por el entrenador Andr\u00e9s Tudela lucieron superiores desde el inicio, pero fue pasado el minuto 20 cuando <strong>Charlyn<\/strong> marc\u00f3 el primer tanto de la tarde, en una jugada de colaboraci\u00f3n con Carol y Alharilla.<\/p>\n<p style=\"text-align: center;\"><span style=\"color: #3366ff;\"><a style=\"color: #3366ff;\" href=\"https:\/\/www.futboltotal.com.mx\/2017\/08\/manchester-city-pagaria-clausula-lionel-messi\/\">VER M\u00c1S: Manchester City pagar\u00eda cl\u00e1usula de Lionel Messi<\/a><\/span><\/p>\n<p>La seleccionada mexicana apareci\u00f3 minutos despu\u00e9s para ampliar la ventaja, y aunque las visitantes acortaron distancias, <strong>Charlyn Corral<\/strong> cerr\u00f3 su gran actuaci\u00f3n para irse al descanso con el 3-1, a la postre definitivo. Sali\u00f3 de cambio en el complemento.<\/p>\n<p><strong>Levante UD Femenino<\/strong> se alista para comenzar su participaci\u00f3n en el torneo ib\u00e9rico el pr\u00f3ximo 3 de septiembre, cuando le haga los honores al Madrid CFF.<\/p>\n<p>https:\/\/twitter.com\/CharlynCorral\/status\/898999070777278464<\/p>\n","protected":false},"excerpt":{"rendered":"<p>La mexicana est\u00e1 en gran forma previo al inicio de la campa\u00f1a.<\/p>\n","protected":false},"author":20,"featured_media":494967,"comment_status":"closed","ping_status":"closed","sticky":false,"template":"","format":"standard","meta":[],"categories":[2198,3844,6718],"tags":[4008,5506,9827],"_links":{"self":[{"href":"http:\/\/desarrollo.grupomedios.com\/futbol\/wp-json\/wp\/v2\/posts\/494966"}],"collection":[{"href":"http:\/\/desarrollo.grupomedios.com\/futbol\/wp-json\/wp\/v2\/posts"}],"about":[{"href":"http:\/\/desarrollo.grupomedios.com\/futbol\/wp-json\/wp\/v2\/types\/post"}],"author":[{"embeddable":true,"href":"http:\/\/desarrollo.grupomedios.com\/futbol\/wp-json\/wp\/v2\/users\/20"}],"replies":[{"embeddable":true,"href":"http:\/\/desarrollo.grupomedios.com\/futbol\/wp-json\/wp\/v2\/comments?post=494966"}],"version-history":[{"count":1,"href":"http:\/\/desarrollo.grupomedios.com\/futbol\/wp-json\/wp\/v2\/posts\/494966\/revisions"}],"predecessor-version":[{"id":494968,"href":"http:\/\/desarrollo.grupomedios.com\/futbol\/wp-json\/wp\/v2\/posts\/494966\/revisions\/494968"}],"wp:featuredmedia":[{"embeddable":true,"href":"http:\/\/desarrollo.grupomedios.com\/futbol\/wp-json\/wp\/v2\/media\/494967"}],"wp:attachment":[{"href":"http:\/\/desarrollo.grupomedios.com\/futbol\/wp-json\/wp\/v2\/media?parent=494966"}],"wp:term":[{"taxonomy":"category","embeddable":true,"href":"http:\/\/desarrollo.grupomedios.com\/futbol\/wp-json\/wp\/v2\/categories?post=494966"},{"taxonomy":"post_tag","embeddable":true,"href":"http:\/\/desarrollo.grupomedios.com\/futbol\/wp-json\/wp\/v2\/tags?post=494966"}],"curies":[{"name":"wp","href":"https:\/\/api.w.org\/{rel}","templated":true}]}}