{"id":494969,"date":"2017-08-20T10:36:04","date_gmt":"2017-08-20T15:36:04","guid":{"rendered":"https:\/\/www.futboltotal.com.mx\/?p=494969"},"modified":"2017-08-20T10:36:04","modified_gmt":"2017-08-20T15:36:04","slug":"moises-munoz-asegura-grito-puto-ya-paso-moda","status":"publish","type":"post","link":"http:\/\/desarrollo.grupomedios.com\/futbol\/futbol-mexicano\/moises-munoz-asegura-grito-puto-ya-paso-moda\/2017\/08","title":{"rendered":"Mois\u00e9s Mu\u00f1oz asegura que grito de puto &#8216;ya pas\u00f3 de moda&#8217;"},"content":{"rendered":"<p>Tras el sorpresivo <span style=\"color: #3366ff;\"><a style=\"color: #3366ff;\" href=\"https:\/\/www.futboltotal.com.mx\/2017\/08\/resultados-cronica-chivas-0-1-puebla-apertura-2017\/\" target=\"_blank\" rel=\"noopener noreferrer\">triunfo de Puebla ante Chivas<\/a><\/span>, el portero de <em>La Franja<\/em>, <strong>Mois\u00e9s Mu\u00f1oz<\/strong> habl\u00f3 del triunfo de su equipo y de lo que significa el grito de &#8216;puto&#8217; en los estadios.<\/p>\n<p>El arquero de <strong>Puebla<\/strong> escuch\u00f3 el famoso grito y asegur\u00f3 que desaparecer\u00e1 pronto en los estadios de la Liga MX.<\/p>\n<p style=\"text-align: center;\"><span style=\"color: #3366ff;\"><a style=\"color: #3366ff;\" href=\"https:\/\/www.futboltotal.com.mx\/2017\/08\/charlyn-corral-se-lucio-triplete-en-levante\/\">VER M\u00c1S: Charlyn Corral se luci\u00f3 con triplete en el Levante<\/a><\/span><\/p>\n<p>&#8220;Para m\u00ed ya pas\u00f3 de moda, tal vez en los inicios te molestaba, y no porque te lo dijera a ti, sino porque el futbol es algo familiar y los ni\u00f1os aprenden de los adultos y era muy lamentable que los padres le ense\u00f1aran eso a los ni\u00f1os, y sigue siendo lo mismo. Para nosotros los jugadores nos da exactamente lo mismo, es un tema que ya pas\u00f3 de moda y como todas las modas, se tiene que ir, y estoy seguro que este grito se ir\u00e1 erradicando eventualmente hasta desaparecer&#8221;.<\/p>\n<p>Respecto al triunfo que consiguieron ante Chivas, el guardameta de los poblanos se\u00f1al\u00f3 que era necesario.<\/p>\n<p>&#8220;Era important\u00edsimo ganar para recuperar la confianza que empiezas a perder despu\u00e9s de hacer buenos partidos. La victoria llega en un buen momento&#8221;, coment\u00f3 <strong>Mu\u00f1oz<\/strong>.<\/p>\n<p style=\"text-align: center;\"><span style=\"color: #3366ff;\"><a style=\"color: #3366ff;\" href=\"https:\/\/www.futboltotal.com.mx\/2017\/08\/manchester-city-pagaria-clausula-lionel-messi\/\">VER M\u00c1S: Manchester City pagar\u00eda cl\u00e1usula de Lionel Messi<\/a><\/span><\/p>\n","protected":false},"excerpt":{"rendered":"<p>El arquero hizo caso omiso al grito.<\/p>\n","protected":false},"author":20,"featured_media":494970,"comment_status":"closed","ping_status":"closed","sticky":false,"template":"","format":"standard","meta":[],"categories":[2198,3845],"tags":[64,635,5969],"_links":{"self":[{"href":"http:\/\/desarrollo.grupomedios.com\/futbol\/wp-json\/wp\/v2\/posts\/494969"}],"collection":[{"href":"http:\/\/desarrollo.grupomedios.com\/futbol\/wp-json\/wp\/v2\/posts"}],"about":[{"href":"http:\/\/desarrollo.grupomedios.com\/futbol\/wp-json\/wp\/v2\/types\/post"}],"author":[{"embeddable":true,"href":"http:\/\/desarrollo.grupomedios.com\/futbol\/wp-json\/wp\/v2\/users\/20"}],"replies":[{"embeddable":true,"href":"http:\/\/desarrollo.grupomedios.com\/futbol\/wp-json\/wp\/v2\/comments?post=494969"}],"version-history":[{"count":1,"href":"http:\/\/desarrollo.grupomedios.com\/futbol\/wp-json\/wp\/v2\/posts\/494969\/revisions"}],"predecessor-version":[{"id":494971,"href":"http:\/\/desarrollo.grupomedios.com\/futbol\/wp-json\/wp\/v2\/posts\/494969\/revisions\/494971"}],"wp:featuredmedia":[{"embeddable":true,"href":"http:\/\/desarrollo.grupomedios.com\/futbol\/wp-json\/wp\/v2\/media\/494970"}],"wp:attachment":[{"href":"http:\/\/desarrollo.grupomedios.com\/futbol\/wp-json\/wp\/v2\/media?parent=494969"}],"wp:term":[{"taxonomy":"category","embeddable":true,"href":"http:\/\/desarrollo.grupomedios.com\/futbol\/wp-json\/wp\/v2\/categories?post=494969"},{"taxonomy":"post_tag","embeddable":true,"href":"http:\/\/desarrollo.grupomedios.com\/futbol\/wp-json\/wp\/v2\/tags?post=494969"}],"curies":[{"name":"wp","href":"https:\/\/api.w.org\/{rel}","templated":true}]}}