{"id":494975,"date":"2017-08-20T11:48:43","date_gmt":"2017-08-20T16:48:43","guid":{"rendered":"https:\/\/www.futboltotal.com.mx\/?p=494975"},"modified":"2017-08-20T11:48:43","modified_gmt":"2017-08-20T16:48:43","slug":"chucky-lozano-anota-asiste-en-triunfo-del-psv-revivelo","status":"publish","type":"post","link":"http:\/\/desarrollo.grupomedios.com\/futbol\/destacado-home\/chucky-lozano-anota-asiste-en-triunfo-del-psv-revivelo\/2017\/08","title":{"rendered":"Chucky Lozano anota y asiste en triunfo del PSV \u00a1Rev\u00edvelo!"},"content":{"rendered":"<p><strong>Chucky Lozano<\/strong> anot\u00f3 y dio una asistencia para gol en el triunfo del <strong>PSV Eindhoven<\/strong> sobre el NAC Breda en un partido correspondiente a la Jornada 2 de la Eredivisie.<\/p>\n<blockquote class=\"twitter-tweet\" data-width=\"500\">\n<p lang=\"nl\" dir=\"ltr\">FULL-TIME <a href=\"https:\/\/twitter.com\/hashtag\/NACPSV?src=hash\">#NACPSV<\/a>: 1-4<\/p>\n<p>0-1 Bergwijn (17)<br \/>1-1 Ambrose (41p)<br \/>1-2 Van Ginkel (60)<br \/>1-3 Lozano (69)<br \/>1-4 Hendrix (88) <a href=\"https:\/\/t.co\/9lkYuWPjEc\">pic.twitter.com\/9lkYuWPjEc<\/a><\/p>\n<p>&mdash; PSV International (@psveindhoven) <a href=\"https:\/\/twitter.com\/psveindhoven\/status\/899308971001085953\">August 20, 2017<\/a><\/p><\/blockquote>\n<p><script async src=\"\/\/platform.twitter.com\/widgets.js\" charset=\"utf-8\"><\/script><\/p>\n<p>El partido de <strong>Hirving Lozano<\/strong> fue discreto en la primera parte, pues no estuvo desbordando ni atacando como regularmente lo hace. Pese a ello, los\u00a0<em>Granjeros\u00a0<\/em>pudieron con empate en el medio tiempo.<\/p>\n<p style=\"text-align: center;\"><span style=\"color: #3366ff;\"><a style=\"color: #3366ff;\" href=\"https:\/\/www.futboltotal.com.mx\/2017\/08\/moises-munoz-asegura-grito-puto-ya-paso-moda\/\">VER M\u00c1S: Mois\u00e9s Mu\u00f1oz asegura que grito de puto \u2018ya pas\u00f3 de moda\u2019<\/a><\/span><\/p>\n<p>Fue en la segunda parte cuando el <strong>PSV<\/strong> se lanz\u00f3 por el triunfo y el delantero mexicano fue determinante para la remontada de su equipo.<\/p>\n<p>Primero puso una asistencia para que Van Ginkel rematara de cabeza y diera la vuelta al marcador ante el NAC Breda.<\/p>\n<p>https:\/\/twitter.com\/NLsoccer\/status\/899302890011066368<\/p>\n<p>Despu\u00e9s el mismo Chucky Lozano, hizo su caracter\u00edstica jugada: corri\u00f3 por banda izquierda, enganch\u00f3 al centro y dispar\u00f3 cruzado para vencer al arquero y marcar el tercero para el PSV.<\/p>\n<p>https:\/\/twitter.com\/CMLSport\/status\/899308963061039105<\/p>\n","protected":false},"excerpt":{"rendered":"<p>El mexicano marc\u00f3 su segundo gol en su segundo partido.<\/p>\n","protected":false},"author":129,"featured_media":494976,"comment_status":"closed","ping_status":"closed","sticky":false,"template":"","format":"standard","meta":[],"categories":[5,3839,2198,6718],"tags":[6944,5196,3224],"_links":{"self":[{"href":"http:\/\/desarrollo.grupomedios.com\/futbol\/wp-json\/wp\/v2\/posts\/494975"}],"collection":[{"href":"http:\/\/desarrollo.grupomedios.com\/futbol\/wp-json\/wp\/v2\/posts"}],"about":[{"href":"http:\/\/desarrollo.grupomedios.com\/futbol\/wp-json\/wp\/v2\/types\/post"}],"author":[{"embeddable":true,"href":"http:\/\/desarrollo.grupomedios.com\/futbol\/wp-json\/wp\/v2\/users\/129"}],"replies":[{"embeddable":true,"href":"http:\/\/desarrollo.grupomedios.com\/futbol\/wp-json\/wp\/v2\/comments?post=494975"}],"version-history":[{"count":1,"href":"http:\/\/desarrollo.grupomedios.com\/futbol\/wp-json\/wp\/v2\/posts\/494975\/revisions"}],"predecessor-version":[{"id":494977,"href":"http:\/\/desarrollo.grupomedios.com\/futbol\/wp-json\/wp\/v2\/posts\/494975\/revisions\/494977"}],"wp:featuredmedia":[{"embeddable":true,"href":"http:\/\/desarrollo.grupomedios.com\/futbol\/wp-json\/wp\/v2\/media\/494976"}],"wp:attachment":[{"href":"http:\/\/desarrollo.grupomedios.com\/futbol\/wp-json\/wp\/v2\/media?parent=494975"}],"wp:term":[{"taxonomy":"category","embeddable":true,"href":"http:\/\/desarrollo.grupomedios.com\/futbol\/wp-json\/wp\/v2\/categories?post=494975"},{"taxonomy":"post_tag","embeddable":true,"href":"http:\/\/desarrollo.grupomedios.com\/futbol\/wp-json\/wp\/v2\/tags?post=494975"}],"curies":[{"name":"wp","href":"https:\/\/api.w.org\/{rel}","templated":true}]}}